{"id":11944,"date":"2016-04-12T22:27:17","date_gmt":"2016-04-12T22:27:17","guid":{"rendered":""},"modified":"2016-04-12T22:27:17","modified_gmt":"2016-04-12T22:27:17","slug":"torneo-de-judo-este-fin-de-semana-en-el-yuyin-luzcando","status":"publish","type":"post","link":"https:\/\/sertv.gob.pa\/nacionalfm\/torneo-de-judo-este-fin-de-semana-en-el-yuyin-luzcando\/","title":{"rendered":"Torneo  de Judo este fin de semana en el \u201cYuy\u00edn\u201d Luzcando"},"content":{"rendered":"<p>\nEste s\u00e1bado 16 de abril y el domingo 17 se realizar\u00e1 la segunda Copa de Judo Isao Inokuna, en el Gimnasio Eugenio &ldquo;Yuy\u00edn&rdquo; Luzcando de Betania, de la ciudad capital. <\/p>\n<p>El evento iniciar\u00e1 el s\u00e1bado a las 4 de la tarde y el domingo a las 10 de la ma\u00f1ana. <\/p>\n<p>El evento lo organiza el Club Isaokuna, que participar\u00e1n los clubes y academias que se inscriban al 651834 o a la direcci\u00f3n de mail,  jodojimenez@yahoo.com  <\/p>\n<p>Estela Riley, Presidente \u00a0de la Federaci\u00f3n Unida de Judo Panam\u00e1, FEUJUPA,\u00a0\u00a0 se\u00f1ala que el evento es\u00a0 apoyado por el Comit\u00e9 Ol\u00edmpico de Panam\u00e1 y PANDEPORTES. <\/p>\n<p>\u00a0FEUJUP\u00a0 promueve estas \u00a0competencias para que\u00a0 los judokas est\u00e9n activos, estamos\u00a0 preparando\u00a0 y buscando\u00a0 valores para afrontar con fuerza el nuevo ciclo ol\u00edmpico, &rdquo; se\u00f1al\u00f3 \u00a0Riley <\/p>\n","protected":false},"excerpt":{"rendered":"<p>Este s\u00e1bado 16 de abril y el domingo 17 se <a href=\"https:\/\/sertv.gob.pa\/nacionalfm\/torneo-de-judo-este-fin-de-semana-en-el-yuyin-luzcando\/\"> [&#8230;]<\/a><\/p>\n","protected":false},"author":1,"featured_media":11945,"comment_status":"closed","ping_status":"closed","sticky":false,"template":"","format":"standard","meta":{"footnotes":""},"categories":[4],"tags":[],"class_list":["post-11944","post","type-post","status-publish","format-standard","has-post-thumbnail","hentry","category-deportes"],"_links":{"self":[{"href":"https:\/\/sertv.gob.pa\/nacionalfm\/wp-json\/wp\/v2\/posts\/11944","targetHints":{"allow":["GET"]}}],"collection":[{"href":"https:\/\/sertv.gob.pa\/nacionalfm\/wp-json\/wp\/v2\/posts"}],"about":[{"href":"https:\/\/sertv.gob.pa\/nacionalfm\/wp-json\/wp\/v2\/types\/post"}],"author":[{"embeddable":true,"href":"https:\/\/sertv.gob.pa\/nacionalfm\/wp-json\/wp\/v2\/users\/1"}],"replies":[{"embeddable":true,"href":"https:\/\/sertv.gob.pa\/nacionalfm\/wp-json\/wp\/v2\/comments?post=11944"}],"version-history":[{"count":0,"href":"https:\/\/sertv.gob.pa\/nacionalfm\/wp-json\/wp\/v2\/posts\/11944\/revisions"}],"wp:featuredmedia":[{"embeddable":true,"href":"https:\/\/sertv.gob.pa\/nacionalfm\/wp-json\/wp\/v2\/media\/11945"}],"wp:attachment":[{"href":"https:\/\/sertv.gob.pa\/nacionalfm\/wp-json\/wp\/v2\/media?parent=11944"}],"wp:term":[{"taxonomy":"category","embeddable":true,"href":"https:\/\/sertv.gob.pa\/nacionalfm\/wp-json\/wp\/v2\/categories?post=11944"},{"taxonomy":"post_tag","embeddable":true,"href":"https:\/\/sertv.gob.pa\/nacionalfm\/wp-json\/wp\/v2\/tags?post=11944"}],"curies":[{"name":"wp","href":"https:\/\/api.w.org\/{rel}","templated":true}]}}