{"id":11962,"date":"2016-04-13T16:42:25","date_gmt":"2016-04-13T16:42:25","guid":{"rendered":""},"modified":"2016-04-13T16:42:25","modified_gmt":"2016-04-13T16:42:25","slug":"panama-sede-de-juegos-latinoamericanos-de-olimpiadas-especiales","status":"publish","type":"post","link":"https:\/\/sertv.gob.pa\/nacionalfm\/panama-sede-de-juegos-latinoamericanos-de-olimpiadas-especiales\/","title":{"rendered":"Panam\u00e1 sede de Juegos Latinoamericanos de Olimpiadas Especiales"},"content":{"rendered":"<p>\nEl presidente de la Rep\u00fablica de Panam\u00e1 Juan Carlos Varela anunci\u00f3 durante una cena de gala para recaudar fondos en beneficio de Olimpiadas Especiales\u00a0 Panam\u00e1, con motivo de sus 30 a\u00f1os de fundaci\u00f3n, que nuestro pa\u00eds ser\u00e1 la sede de los Juegos Latinoamericanos de Olimpiadas Especiales 2017. <\/p>\n<p>Varela detall\u00f3 que en los Juegos, que se llevar\u00e1n a cabo por ocho d\u00edas y ser\u00e1n apoyados por PANDEPORTES, estar\u00e1n m\u00e1s de 800 atletas, 200 entrenadores y 120 jueces y oficiales de Argentina, Bolivia, Brasil, Chile, Colombia, Costa Rica, Cuba, Ecuador, El Salvador, Guatemala, Honduras, M\u00e9xico, Nicaragua, Paraguay, Per\u00fa, Puerto Rico, Rep\u00fablica Dominicana, Uruguay y Venezuela y Panam\u00e1 como anfitri\u00f3n. <\/p>\n<p> Las disciplinas a participar son: atletismo, baloncesto, bochas, boliche, f\u00fatbol, gimnasia r\u00edtmica, nataci\u00f3n, tenis de campo, tenis de mesa, voleibol.  <\/p>\n<p> En la cena de gala se rindi\u00f3 homenaje a don Federico Humbert por su apoyo, junto al Banco General, y a don Jaime Alem\u00e1n, fundador del programa Olimpiadas Especiales Panam\u00e1.  <\/p>\n<p>\u00a0 <\/p>\n","protected":false},"excerpt":{"rendered":"<p>El presidente de la Rep\u00fablica de Panam\u00e1 Juan Carlos Varela <a href=\"https:\/\/sertv.gob.pa\/nacionalfm\/panama-sede-de-juegos-latinoamericanos-de-olimpiadas-especiales\/\"> [&#8230;]<\/a><\/p>\n","protected":false},"author":1,"featured_media":11963,"comment_status":"closed","ping_status":"closed","sticky":false,"template":"","format":"standard","meta":{"footnotes":""},"categories":[4],"tags":[],"class_list":["post-11962","post","type-post","status-publish","format-standard","has-post-thumbnail","hentry","category-deportes"],"_links":{"self":[{"href":"https:\/\/sertv.gob.pa\/nacionalfm\/wp-json\/wp\/v2\/posts\/11962","targetHints":{"allow":["GET"]}}],"collection":[{"href":"https:\/\/sertv.gob.pa\/nacionalfm\/wp-json\/wp\/v2\/posts"}],"about":[{"href":"https:\/\/sertv.gob.pa\/nacionalfm\/wp-json\/wp\/v2\/types\/post"}],"author":[{"embeddable":true,"href":"https:\/\/sertv.gob.pa\/nacionalfm\/wp-json\/wp\/v2\/users\/1"}],"replies":[{"embeddable":true,"href":"https:\/\/sertv.gob.pa\/nacionalfm\/wp-json\/wp\/v2\/comments?post=11962"}],"version-history":[{"count":0,"href":"https:\/\/sertv.gob.pa\/nacionalfm\/wp-json\/wp\/v2\/posts\/11962\/revisions"}],"wp:featuredmedia":[{"embeddable":true,"href":"https:\/\/sertv.gob.pa\/nacionalfm\/wp-json\/wp\/v2\/media\/11963"}],"wp:attachment":[{"href":"https:\/\/sertv.gob.pa\/nacionalfm\/wp-json\/wp\/v2\/media?parent=11962"}],"wp:term":[{"taxonomy":"category","embeddable":true,"href":"https:\/\/sertv.gob.pa\/nacionalfm\/wp-json\/wp\/v2\/categories?post=11962"},{"taxonomy":"post_tag","embeddable":true,"href":"https:\/\/sertv.gob.pa\/nacionalfm\/wp-json\/wp\/v2\/tags?post=11962"}],"curies":[{"name":"wp","href":"https:\/\/api.w.org\/{rel}","templated":true}]}}