{"id":11966,"date":"2016-04-13T19:04:15","date_gmt":"2016-04-13T19:04:15","guid":{"rendered":""},"modified":"2016-04-13T19:04:15","modified_gmt":"2016-04-13T19:04:15","slug":"cancer-y-enfermedades-cardiacas-se-previenen-con-aspirinas","status":"publish","type":"post","link":"https:\/\/sertv.gob.pa\/nacionalfm\/cancer-y-enfermedades-cardiacas-se-previenen-con-aspirinas\/","title":{"rendered":"C\u00e1ncer y enfermedades card\u00edacas se previenen con aspirinas"},"content":{"rendered":"<p>\nTomar una aspirina al d\u00eda podr\u00eda ayudar a algunos adultos a prevenir enfermedades cardiovasculares y el c\u00e1ncer de colon, expres\u00f3 un influyente grupo estadounidense en su recomendaci\u00f3n final. <\/p>\n<p>El Grupo de Servicios Preventivos de Estados Unidos hall\u00f3 que los beneficios del uso regular de la aspirina superan los peligros de hemorragia, pero indic\u00f3 que el grado en el que una persona puede beneficiarse con esto depender\u00e1 de su edad y de su riesgo de enfermedad cardiovascular. <\/p>\n<p>El grupo se\u00f1al\u00f3 que las personas de entre 50 y 59 a\u00f1os de edad con riesgo elevado de sufrir un ataque card\u00edaco o una apoplej\u00eda son los m\u00e1s beneficiados con el uso diario de una dosis reducida de aspirina (81 mg) y recomend\u00f3 el inicio de la aspirina en este grupo. <\/p>\n<p>Las personas de entre 60 y 69 a\u00f1os de edad con riesgo cardiovascular elevado tambi\u00e9n pueden beneficiarse con el uso de la aspirina, pero el beneficio general de este grupo es menor y, por lo tanto, la decisi\u00f3n de tomar aspirina debe tomarse junto con el m\u00e9dico. <\/p>\n<p>El grupo igualmente concluy\u00f3 que la evidencia actual es insuficiente para evaluar los beneficios y da\u00f1os del uso de la aspirina en adultos menores de 50 a\u00f1os y mayores de 70. <\/p>\n<p>\u00a0 <\/p>\n","protected":false},"excerpt":{"rendered":"<p>Tomar una aspirina al d\u00eda podr\u00eda ayudar a algunos adultos <a href=\"https:\/\/sertv.gob.pa\/nacionalfm\/cancer-y-enfermedades-cardiacas-se-previenen-con-aspirinas\/\"> [&#8230;]<\/a><\/p>\n","protected":false},"author":1,"featured_media":11967,"comment_status":"closed","ping_status":"closed","sticky":false,"template":"","format":"standard","meta":{"footnotes":""},"categories":[5],"tags":[],"class_list":["post-11966","post","type-post","status-publish","format-standard","has-post-thumbnail","hentry","category-salud"],"_links":{"self":[{"href":"https:\/\/sertv.gob.pa\/nacionalfm\/wp-json\/wp\/v2\/posts\/11966","targetHints":{"allow":["GET"]}}],"collection":[{"href":"https:\/\/sertv.gob.pa\/nacionalfm\/wp-json\/wp\/v2\/posts"}],"about":[{"href":"https:\/\/sertv.gob.pa\/nacionalfm\/wp-json\/wp\/v2\/types\/post"}],"author":[{"embeddable":true,"href":"https:\/\/sertv.gob.pa\/nacionalfm\/wp-json\/wp\/v2\/users\/1"}],"replies":[{"embeddable":true,"href":"https:\/\/sertv.gob.pa\/nacionalfm\/wp-json\/wp\/v2\/comments?post=11966"}],"version-history":[{"count":0,"href":"https:\/\/sertv.gob.pa\/nacionalfm\/wp-json\/wp\/v2\/posts\/11966\/revisions"}],"wp:featuredmedia":[{"embeddable":true,"href":"https:\/\/sertv.gob.pa\/nacionalfm\/wp-json\/wp\/v2\/media\/11967"}],"wp:attachment":[{"href":"https:\/\/sertv.gob.pa\/nacionalfm\/wp-json\/wp\/v2\/media?parent=11966"}],"wp:term":[{"taxonomy":"category","embeddable":true,"href":"https:\/\/sertv.gob.pa\/nacionalfm\/wp-json\/wp\/v2\/categories?post=11966"},{"taxonomy":"post_tag","embeddable":true,"href":"https:\/\/sertv.gob.pa\/nacionalfm\/wp-json\/wp\/v2\/tags?post=11966"}],"curies":[{"name":"wp","href":"https:\/\/api.w.org\/{rel}","templated":true}]}}