{"id":11990,"date":"2016-04-14T16:22:05","date_gmt":"2016-04-14T16:22:05","guid":{"rendered":""},"modified":"2016-04-14T16:22:05","modified_gmt":"2016-04-14T16:22:05","slug":"resistencia-de-bacterias-a-los-antibioticos-problema-de-salud-publica","status":"publish","type":"post","link":"https:\/\/sertv.gob.pa\/nacionalfm\/resistencia-de-bacterias-a-los-antibioticos-problema-de-salud-publica\/","title":{"rendered":"Resistencia de bacterias a los antibi\u00f3ticos, problema de salud p\u00fablica"},"content":{"rendered":"<p>\nLa  resistencia  de las  bacterias  a los  antibi\u00f3ticos  es un fen\u00f3meno de grandes consecuencias y que ha sido llamado por la  Organizaci\u00f3n Mundial de la Salud (OMS) \u00a0como uno de los problemas m\u00e1s apremiantes de salud p\u00fablica. <\/p>\n<p>De acuerdo con estudios efectuados por esta entidad, entre las  bacterias m\u00e1s resistentes  est\u00e1n la   Klebsiella pneumoniae  , la   Escherichia coli  , la   Gonococos   y la  Staphylococus aureus . <\/p>\n<p>Igualmente se incluyen los   Enterococos  , las   Pseudomonas  , los  Acinetobacter  y los   Enterobacter  , seg\u00fan el m\u00e9dico microbi\u00f3logo Silvio Vega, subdirector m\u00e9dico del  Complejo Hospitalario Metropolitano . <\/p>\n<p>Estas bacterias producen infecciones urinarias, sangu\u00edneas y en la piel, sinusitis, neumon\u00edas y gonorrea, entre otras afecciones. <\/p>\n<p>Hay antibi\u00f3ticos fuertes que no le hacen &ldquo;ni cosquillas&rdquo; a bacterias como la   Acinetobacter  , que es potente y se asocia a la meningitis, apunta Jorge Rodr\u00edguez Sotomayor, m\u00e9dico familiar y subdirector nacional de Promoci\u00f3n de Salud del  Ministerio de Salud . <\/p>\n<p>Esta bacteria, agregaVega, junto a la   Pseudomonas   son las m\u00e1s resistentes en Panam\u00e1. <\/p>\n<p>Los antibi\u00f3ticos a los cuales pueden ser  resistentes  van desde una simple  penicilina  hasta f\u00e1rmacos como la vancomicina y el meropenem que son poderosos, subraya Rodr\u00edguez. <\/p>\n<p>Hasta un 90% de las infecciones por   Staphylococcus aureus   son resistentes a la meticilina en la regi\u00f3n de Am\u00e9rica y en Panam\u00e1 muestra el 21% de resistencia, seg\u00fan el informe  Antimicrobial resistance: global report on surveillance  (Resistencia a los antimicrobianos: informe mundial sobre la vigilancia), de la  OMS . <\/p>\n<p>La  resistencia bacteriana  es multicausal, siendo el uso inadecuado de los antibi\u00f3ticos uno de los pilares m\u00e1s importantes, apunta Vega <\/p>\n","protected":false},"excerpt":{"rendered":"<p>La resistencia de las bacterias a los antibi\u00f3ticos es un <a href=\"https:\/\/sertv.gob.pa\/nacionalfm\/resistencia-de-bacterias-a-los-antibioticos-problema-de-salud-publica\/\"> [&#8230;]<\/a><\/p>\n","protected":false},"author":1,"featured_media":11991,"comment_status":"closed","ping_status":"closed","sticky":false,"template":"","format":"standard","meta":{"footnotes":""},"categories":[5],"tags":[],"class_list":["post-11990","post","type-post","status-publish","format-standard","has-post-thumbnail","hentry","category-salud"],"_links":{"self":[{"href":"https:\/\/sertv.gob.pa\/nacionalfm\/wp-json\/wp\/v2\/posts\/11990","targetHints":{"allow":["GET"]}}],"collection":[{"href":"https:\/\/sertv.gob.pa\/nacionalfm\/wp-json\/wp\/v2\/posts"}],"about":[{"href":"https:\/\/sertv.gob.pa\/nacionalfm\/wp-json\/wp\/v2\/types\/post"}],"author":[{"embeddable":true,"href":"https:\/\/sertv.gob.pa\/nacionalfm\/wp-json\/wp\/v2\/users\/1"}],"replies":[{"embeddable":true,"href":"https:\/\/sertv.gob.pa\/nacionalfm\/wp-json\/wp\/v2\/comments?post=11990"}],"version-history":[{"count":0,"href":"https:\/\/sertv.gob.pa\/nacionalfm\/wp-json\/wp\/v2\/posts\/11990\/revisions"}],"wp:featuredmedia":[{"embeddable":true,"href":"https:\/\/sertv.gob.pa\/nacionalfm\/wp-json\/wp\/v2\/media\/11991"}],"wp:attachment":[{"href":"https:\/\/sertv.gob.pa\/nacionalfm\/wp-json\/wp\/v2\/media?parent=11990"}],"wp:term":[{"taxonomy":"category","embeddable":true,"href":"https:\/\/sertv.gob.pa\/nacionalfm\/wp-json\/wp\/v2\/categories?post=11990"},{"taxonomy":"post_tag","embeddable":true,"href":"https:\/\/sertv.gob.pa\/nacionalfm\/wp-json\/wp\/v2\/tags?post=11990"}],"curies":[{"name":"wp","href":"https:\/\/api.w.org\/{rel}","templated":true}]}}