{"id":12014,"date":"2016-04-15T15:28:36","date_gmt":"2016-04-15T15:28:36","guid":{"rendered":""},"modified":"2016-04-15T15:28:36","modified_gmt":"2016-04-15T15:28:36","slug":"cientificos-de-eu-confirman-vinculo-entre-zika-y-microcefalia","status":"publish","type":"post","link":"https:\/\/sertv.gob.pa\/nacionalfm\/cientificos-de-eu-confirman-vinculo-entre-zika-y-microcefalia\/","title":{"rendered":"Cient\u00edficos de EU confirman v\u00ednculo entre zika y microcefalia"},"content":{"rendered":"<p>\nAutoridades sanitarias estadounidenses confirmaron que el virus del  zika  puede provocar  microcefalia  en los fetos, indic\u00f3 un estudio publicado el mi\u00e9rcoles que pone fin a meses de debates e incertidumbres sobre este sospechado v\u00ednculo. <\/p>\n<p>\u00abCient\u00edficos de los  centros para el Control y Prevenci\u00f3n de Enfermedades \u00a0(CDC) concluyeron, luego de \u00a0revisar cuidadosamente la evidencia existente, que el virus del zika causa microcefalia y otros defectos cerebrales graves en el feto\u00bb, se\u00f1al\u00f3 la agencia federal en un comunicado. <\/p>\n<p>Esta confirmaci\u00f3n se basa en parte a  una serie de estudios en Brasil , donde miles de beb\u00e9s nacieron con defectos de nacimiento el a\u00f1o pasado al mismo tiempo que hab\u00eda un brote de zika en la zona. <\/p>\n<p>\u00abEste estudio es un punto de inflexi\u00f3n en el brote de zika\u00bb, expres\u00f3 el jefe de los CDC, Tom Frieden. \u00abYa est\u00e1 claro que el virus causa microcefalia\u00bb. <\/p>\n<p>\u00a0 <\/p>\n","protected":false},"excerpt":{"rendered":"<p>Autoridades sanitarias estadounidenses confirmaron que el virus del zika puede <a href=\"https:\/\/sertv.gob.pa\/nacionalfm\/cientificos-de-eu-confirman-vinculo-entre-zika-y-microcefalia\/\"> [&#8230;]<\/a><\/p>\n","protected":false},"author":1,"featured_media":12015,"comment_status":"closed","ping_status":"closed","sticky":false,"template":"","format":"standard","meta":{"footnotes":""},"categories":[5],"tags":[],"class_list":["post-12014","post","type-post","status-publish","format-standard","has-post-thumbnail","hentry","category-salud"],"_links":{"self":[{"href":"https:\/\/sertv.gob.pa\/nacionalfm\/wp-json\/wp\/v2\/posts\/12014","targetHints":{"allow":["GET"]}}],"collection":[{"href":"https:\/\/sertv.gob.pa\/nacionalfm\/wp-json\/wp\/v2\/posts"}],"about":[{"href":"https:\/\/sertv.gob.pa\/nacionalfm\/wp-json\/wp\/v2\/types\/post"}],"author":[{"embeddable":true,"href":"https:\/\/sertv.gob.pa\/nacionalfm\/wp-json\/wp\/v2\/users\/1"}],"replies":[{"embeddable":true,"href":"https:\/\/sertv.gob.pa\/nacionalfm\/wp-json\/wp\/v2\/comments?post=12014"}],"version-history":[{"count":0,"href":"https:\/\/sertv.gob.pa\/nacionalfm\/wp-json\/wp\/v2\/posts\/12014\/revisions"}],"wp:featuredmedia":[{"embeddable":true,"href":"https:\/\/sertv.gob.pa\/nacionalfm\/wp-json\/wp\/v2\/media\/12015"}],"wp:attachment":[{"href":"https:\/\/sertv.gob.pa\/nacionalfm\/wp-json\/wp\/v2\/media?parent=12014"}],"wp:term":[{"taxonomy":"category","embeddable":true,"href":"https:\/\/sertv.gob.pa\/nacionalfm\/wp-json\/wp\/v2\/categories?post=12014"},{"taxonomy":"post_tag","embeddable":true,"href":"https:\/\/sertv.gob.pa\/nacionalfm\/wp-json\/wp\/v2\/tags?post=12014"}],"curies":[{"name":"wp","href":"https:\/\/api.w.org\/{rel}","templated":true}]}}