{"id":12018,"date":"2016-04-15T15:42:07","date_gmt":"2016-04-15T15:42:07","guid":{"rendered":""},"modified":"2016-04-15T15:42:07","modified_gmt":"2016-04-15T15:42:07","slug":"millonario-dona-250-millones-para-luchar-contra-el-cancer","status":"publish","type":"post","link":"https:\/\/sertv.gob.pa\/nacionalfm\/millonario-dona-250-millones-para-luchar-contra-el-cancer\/","title":{"rendered":"Millonario dona $250 millones para luchar contra el c\u00e1ncer"},"content":{"rendered":"<p>\nEl multimillonario estadounidense, Sean Parker, fundador de  Napster  y primer presidente de  Facebook , anunci\u00f3 la creaci\u00f3n de un instituto contra el c\u00e1ncer, al que ha donado  250 millones de d\u00f3lares  para investigar la inmunoterapia, una innovadora t\u00e9cnica para combatir la enfermedad. <\/p>\n<p>El  Parker Institute for Cancer Immunotherapy  colaborar\u00e1 con seis de los centros estadounidenses m\u00e1s punteros de Estados Unidos, como el  Memorial Sloan Kettering Cancer Center  y el  MD Anderson Cancer Center  de la Universidad de Texas. En total reunir\u00e1 a 300 cient\u00edficos repartidos en 40 laboratorios. <\/p>\n<p>\u00abEstamos en un punto de inflexi\u00f3n en la investigaci\u00f3n contra el c\u00e1ncer y ahora es el momento de maximizar el potencial \u00fanico que ofrece la inmunoterapia para transformar todos los c\u00e1nceres en enfermedades manejables para salvar millones de vidas\u00bb, manifest\u00f3 Parker en un comunicado. <\/p>\n<p>La inmunoterapia es un m\u00e9todo que estimula la capacidad del sistema inmunitario para detectar y destruir c\u00e9lulas anormales, que pueden desencadenar alg\u00fan tipo de c\u00e1ncer. Hasta ahora se ha confirmado la eficacia de la inmunoterapia contra el melanoma, el c\u00e1ncer de piel contra el que existen pocos tratamientos. El expresidente estadounidense Jimmy Carter, de 91 a\u00f1os, confirm\u00f3 hace poco haber superado la enfermedad gracias a esta t\u00e9cnica, luego de que los m\u00e9dicos le diagnosticaran en diciembre un melanoma con met\u00e1stasis en el cerebro. <\/p>\n<p>\u00abEstamos convencidos de que la creaci\u00f3n de un nuevo modelo de investigaci\u00f3n y financiaci\u00f3n puede superar los obst\u00e1culos que actualmente frenan los avances cient\u00edficos\u00bb, agreg\u00f3 Parker. <\/p>\n<p>La  Organizaci\u00f3n Mundial de la Salud (OMS)  prev\u00e9 que los casos anuales de c\u00e1ncer aumenten a 22 millones en las pr\u00f3ximas dos d\u00e9cadas. <\/p>\n<p>\u00a0 <\/p>\n","protected":false},"excerpt":{"rendered":"<p>El multimillonario estadounidense, Sean Parker, fundador de Napster y primer <a href=\"https:\/\/sertv.gob.pa\/nacionalfm\/millonario-dona-250-millones-para-luchar-contra-el-cancer\/\"> [&#8230;]<\/a><\/p>\n","protected":false},"author":1,"featured_media":12019,"comment_status":"closed","ping_status":"closed","sticky":false,"template":"","format":"standard","meta":{"footnotes":""},"categories":[5],"tags":[],"class_list":["post-12018","post","type-post","status-publish","format-standard","has-post-thumbnail","hentry","category-salud"],"_links":{"self":[{"href":"https:\/\/sertv.gob.pa\/nacionalfm\/wp-json\/wp\/v2\/posts\/12018","targetHints":{"allow":["GET"]}}],"collection":[{"href":"https:\/\/sertv.gob.pa\/nacionalfm\/wp-json\/wp\/v2\/posts"}],"about":[{"href":"https:\/\/sertv.gob.pa\/nacionalfm\/wp-json\/wp\/v2\/types\/post"}],"author":[{"embeddable":true,"href":"https:\/\/sertv.gob.pa\/nacionalfm\/wp-json\/wp\/v2\/users\/1"}],"replies":[{"embeddable":true,"href":"https:\/\/sertv.gob.pa\/nacionalfm\/wp-json\/wp\/v2\/comments?post=12018"}],"version-history":[{"count":0,"href":"https:\/\/sertv.gob.pa\/nacionalfm\/wp-json\/wp\/v2\/posts\/12018\/revisions"}],"wp:featuredmedia":[{"embeddable":true,"href":"https:\/\/sertv.gob.pa\/nacionalfm\/wp-json\/wp\/v2\/media\/12019"}],"wp:attachment":[{"href":"https:\/\/sertv.gob.pa\/nacionalfm\/wp-json\/wp\/v2\/media?parent=12018"}],"wp:term":[{"taxonomy":"category","embeddable":true,"href":"https:\/\/sertv.gob.pa\/nacionalfm\/wp-json\/wp\/v2\/categories?post=12018"},{"taxonomy":"post_tag","embeddable":true,"href":"https:\/\/sertv.gob.pa\/nacionalfm\/wp-json\/wp\/v2\/tags?post=12018"}],"curies":[{"name":"wp","href":"https:\/\/api.w.org\/{rel}","templated":true}]}}