{"id":12048,"date":"2016-04-18T15:26:02","date_gmt":"2016-04-18T15:26:02","guid":{"rendered":""},"modified":"2016-04-18T15:26:02","modified_gmt":"2016-04-18T15:26:02","slug":"la-oms-recomienda-vacuna-de-sanofi-contra-el-dengue","status":"publish","type":"post","link":"https:\/\/sertv.gob.pa\/nacionalfm\/la-oms-recomienda-vacuna-de-sanofi-contra-el-dengue\/","title":{"rendered":"La OMS recomienda vacuna de Sanofi contra el dengue"},"content":{"rendered":"<p>\nUn comit\u00e9 de expertos de la  Organizaci\u00f3n Mundial de la Salud \u00a0(OMS) recomend\u00f3 el uso de la vacuna contra el dengue elaborada por el laboratorio franc\u00e9s  Sanofi  en los pa\u00edses donde el virus es end\u00e9mico. <\/p>\n<p>\u00abEl Grupo Estrat\u00e9gico Consultivo de Expertos recomienda que los pa\u00edses consideren la introducci\u00f3n de la vacuna contra el dengue  Dengvaxia  \u00fanicamente en las zonas geogr\u00e1ficas end\u00e9micas\u00bb, precis\u00f3 el comit\u00e9 de la OMS en un comunicado. <\/p>\n<p>La vacuna, considerada como \u00absegura\u00bb por el doctor Jon Abramson, portavoz del comit\u00e9 de expertos, es \u00abparticularmente eficaz\u00bb en las personas que ya han estado expuestas a los cuatro virus del dengue, y no deber\u00eda usarse en las zonas donde la transmisi\u00f3n del virus es escasa. <\/p>\n<p>Sanofi, por su lado, se\u00f1al\u00f3 que los expertos reconocieron \u00abel beneficio para la salud p\u00fablica\u00bb del Dengvaxia, la primera vacuna contra el dengue autorizada en el mundo, ya homologada en M\u00e9xico, Filipinas, Brasil y El Salvador. <\/p>\n<p>Seg\u00fan la OMS, en 2015 se registraron 2.35 millones de casos en la regi\u00f3n de las Am\u00e9ricas, de los cuales m\u00e1s de 10 mil 200 fueron diagnosticados como dengue grave y ocasionaron mil 181 fallecimientos. \u00a0 <\/p>\n","protected":false},"excerpt":{"rendered":"<p>Un comit\u00e9 de expertos de la Organizaci\u00f3n Mundial de la <a href=\"https:\/\/sertv.gob.pa\/nacionalfm\/la-oms-recomienda-vacuna-de-sanofi-contra-el-dengue\/\"> [&#8230;]<\/a><\/p>\n","protected":false},"author":1,"featured_media":12049,"comment_status":"closed","ping_status":"closed","sticky":false,"template":"","format":"standard","meta":{"footnotes":""},"categories":[5],"tags":[],"class_list":["post-12048","post","type-post","status-publish","format-standard","has-post-thumbnail","hentry","category-salud"],"_links":{"self":[{"href":"https:\/\/sertv.gob.pa\/nacionalfm\/wp-json\/wp\/v2\/posts\/12048","targetHints":{"allow":["GET"]}}],"collection":[{"href":"https:\/\/sertv.gob.pa\/nacionalfm\/wp-json\/wp\/v2\/posts"}],"about":[{"href":"https:\/\/sertv.gob.pa\/nacionalfm\/wp-json\/wp\/v2\/types\/post"}],"author":[{"embeddable":true,"href":"https:\/\/sertv.gob.pa\/nacionalfm\/wp-json\/wp\/v2\/users\/1"}],"replies":[{"embeddable":true,"href":"https:\/\/sertv.gob.pa\/nacionalfm\/wp-json\/wp\/v2\/comments?post=12048"}],"version-history":[{"count":0,"href":"https:\/\/sertv.gob.pa\/nacionalfm\/wp-json\/wp\/v2\/posts\/12048\/revisions"}],"wp:featuredmedia":[{"embeddable":true,"href":"https:\/\/sertv.gob.pa\/nacionalfm\/wp-json\/wp\/v2\/media\/12049"}],"wp:attachment":[{"href":"https:\/\/sertv.gob.pa\/nacionalfm\/wp-json\/wp\/v2\/media?parent=12048"}],"wp:term":[{"taxonomy":"category","embeddable":true,"href":"https:\/\/sertv.gob.pa\/nacionalfm\/wp-json\/wp\/v2\/categories?post=12048"},{"taxonomy":"post_tag","embeddable":true,"href":"https:\/\/sertv.gob.pa\/nacionalfm\/wp-json\/wp\/v2\/tags?post=12048"}],"curies":[{"name":"wp","href":"https:\/\/api.w.org\/{rel}","templated":true}]}}