{"id":12068,"date":"2016-04-18T20:15:53","date_gmt":"2016-04-18T20:15:53","guid":{"rendered":""},"modified":"2016-04-18T20:15:53","modified_gmt":"2016-04-18T20:15:53","slug":"atheyna-bylon-pierde-por-decision-dividida-en-femenino-continental","status":"publish","type":"post","link":"https:\/\/sertv.gob.pa\/nacionalfm\/atheyna-bylon-pierde-por-decision-dividida-en-femenino-continental\/","title":{"rendered":"Atheyna Bylon pierde por decisi\u00f3n dividida en Femenino Continental"},"content":{"rendered":"<p>\nLa campeona mundial Atheyna Bylon perdi\u00f3 por decisi\u00f3n dividida ante su eterna rival la dominicana Geneiber Guill\u00e9n, en la final del Campeonato Continental Femenino que se llev\u00f3 a cabo en Bolivia. <\/p>\n<p>Este torneo sirvi\u00f3 de fogueo para el pr\u00f3ximo Campeonato Mundial de Boxeo Femenino que se verificar\u00e1 en Kazajist\u00e1n en el mes de mayo, evento que da cuatro cupos por divisi\u00f3n para clasificar a los Juegos Ol\u00edmpicos 2016 de R\u00edo de Janeiro, Brasil. <\/p>\n","protected":false},"excerpt":{"rendered":"<p>La campeona mundial Atheyna Bylon perdi\u00f3 por decisi\u00f3n dividida ante <a href=\"https:\/\/sertv.gob.pa\/nacionalfm\/atheyna-bylon-pierde-por-decision-dividida-en-femenino-continental\/\"> [&#8230;]<\/a><\/p>\n","protected":false},"author":1,"featured_media":12069,"comment_status":"closed","ping_status":"closed","sticky":false,"template":"","format":"standard","meta":{"footnotes":""},"categories":[4],"tags":[],"class_list":["post-12068","post","type-post","status-publish","format-standard","has-post-thumbnail","hentry","category-deportes"],"_links":{"self":[{"href":"https:\/\/sertv.gob.pa\/nacionalfm\/wp-json\/wp\/v2\/posts\/12068","targetHints":{"allow":["GET"]}}],"collection":[{"href":"https:\/\/sertv.gob.pa\/nacionalfm\/wp-json\/wp\/v2\/posts"}],"about":[{"href":"https:\/\/sertv.gob.pa\/nacionalfm\/wp-json\/wp\/v2\/types\/post"}],"author":[{"embeddable":true,"href":"https:\/\/sertv.gob.pa\/nacionalfm\/wp-json\/wp\/v2\/users\/1"}],"replies":[{"embeddable":true,"href":"https:\/\/sertv.gob.pa\/nacionalfm\/wp-json\/wp\/v2\/comments?post=12068"}],"version-history":[{"count":0,"href":"https:\/\/sertv.gob.pa\/nacionalfm\/wp-json\/wp\/v2\/posts\/12068\/revisions"}],"wp:featuredmedia":[{"embeddable":true,"href":"https:\/\/sertv.gob.pa\/nacionalfm\/wp-json\/wp\/v2\/media\/12069"}],"wp:attachment":[{"href":"https:\/\/sertv.gob.pa\/nacionalfm\/wp-json\/wp\/v2\/media?parent=12068"}],"wp:term":[{"taxonomy":"category","embeddable":true,"href":"https:\/\/sertv.gob.pa\/nacionalfm\/wp-json\/wp\/v2\/categories?post=12068"},{"taxonomy":"post_tag","embeddable":true,"href":"https:\/\/sertv.gob.pa\/nacionalfm\/wp-json\/wp\/v2\/tags?post=12068"}],"curies":[{"name":"wp","href":"https:\/\/api.w.org\/{rel}","templated":true}]}}