{"id":12070,"date":"2016-04-18T20:51:16","date_gmt":"2016-04-18T20:51:16","guid":{"rendered":""},"modified":"2016-04-18T20:51:16","modified_gmt":"2016-04-18T20:51:16","slug":"castelblanco-clasifica-para-juegos-olimpicos-de-brasil","status":"publish","type":"post","link":"https:\/\/sertv.gob.pa\/nacionalfm\/castelblanco-clasifica-para-juegos-olimpicos-de-brasil\/","title":{"rendered":"Castelblanco clasifica para Juegos Ol\u00edmpicos de Brasil"},"content":{"rendered":"<p>\nEl fondista Jorge Castelblanco entra a la historia al convertirse en el primer paname\u00f1o en participar en un marat\u00f3n ol\u00edmpico al ganar su cupo en el Marat\u00f3n de Hapsa que se corri\u00f3 en la ciudad de Hamburgo, Alemania, en la cual ocup\u00f3 la d\u00e9cima quinta posici\u00f3n y cronometr\u00f3 en los 42 kil\u00f3metros, 2 horas 15 minutos y 57 segundos debajo de casi dos minutos de la marca m\u00ednima para R\u00edo de Janeiro. <\/p>\n<p>Con esta haza\u00f1a, Castelblanco, compartir\u00e1 un puesto en la delegaci\u00f3n paname\u00f1a para Rio 2016 con los atletas Alonso Edward, Ivette Lewis y Carolena Cartens. <\/p>\n<p>\u00a0 <\/p>\n","protected":false},"excerpt":{"rendered":"<p>El fondista Jorge Castelblanco entra a la historia al convertirse <a href=\"https:\/\/sertv.gob.pa\/nacionalfm\/castelblanco-clasifica-para-juegos-olimpicos-de-brasil\/\"> [&#8230;]<\/a><\/p>\n","protected":false},"author":1,"featured_media":12071,"comment_status":"closed","ping_status":"closed","sticky":false,"template":"","format":"standard","meta":{"footnotes":""},"categories":[4],"tags":[],"class_list":["post-12070","post","type-post","status-publish","format-standard","has-post-thumbnail","hentry","category-deportes"],"_links":{"self":[{"href":"https:\/\/sertv.gob.pa\/nacionalfm\/wp-json\/wp\/v2\/posts\/12070","targetHints":{"allow":["GET"]}}],"collection":[{"href":"https:\/\/sertv.gob.pa\/nacionalfm\/wp-json\/wp\/v2\/posts"}],"about":[{"href":"https:\/\/sertv.gob.pa\/nacionalfm\/wp-json\/wp\/v2\/types\/post"}],"author":[{"embeddable":true,"href":"https:\/\/sertv.gob.pa\/nacionalfm\/wp-json\/wp\/v2\/users\/1"}],"replies":[{"embeddable":true,"href":"https:\/\/sertv.gob.pa\/nacionalfm\/wp-json\/wp\/v2\/comments?post=12070"}],"version-history":[{"count":0,"href":"https:\/\/sertv.gob.pa\/nacionalfm\/wp-json\/wp\/v2\/posts\/12070\/revisions"}],"wp:featuredmedia":[{"embeddable":true,"href":"https:\/\/sertv.gob.pa\/nacionalfm\/wp-json\/wp\/v2\/media\/12071"}],"wp:attachment":[{"href":"https:\/\/sertv.gob.pa\/nacionalfm\/wp-json\/wp\/v2\/media?parent=12070"}],"wp:term":[{"taxonomy":"category","embeddable":true,"href":"https:\/\/sertv.gob.pa\/nacionalfm\/wp-json\/wp\/v2\/categories?post=12070"},{"taxonomy":"post_tag","embeddable":true,"href":"https:\/\/sertv.gob.pa\/nacionalfm\/wp-json\/wp\/v2\/tags?post=12070"}],"curies":[{"name":"wp","href":"https:\/\/api.w.org\/{rel}","templated":true}]}}