{"id":12074,"date":"2016-04-18T21:55:52","date_gmt":"2016-04-18T21:55:52","guid":{"rendered":""},"modified":"2016-04-18T21:55:52","modified_gmt":"2016-04-18T21:55:52","slug":"club-masahiko-kimura-gana-ii-copa-isao-inokuma","status":"publish","type":"post","link":"https:\/\/sertv.gob.pa\/nacionalfm\/club-masahiko-kimura-gana-ii-copa-isao-inokuma\/","title":{"rendered":"Club Masahiko Kimura gana II Copa Isao Inokuma"},"content":{"rendered":"<p>\nCon 7 medallas de oro, 5 de platas y dos de bronce el Club Mashiko Kimura de Veraguas se convirti\u00f3 en el campe\u00f3n de la II Copa Isao Inokuma de Judo, que otorg\u00f3 puntos para el ranking nacional que fue auspiciado por el Instituto Paname\u00f1o de Deportes. <\/p>\n<p>La segunda posici\u00f3n fue para el Club Isao Inokuma de Panam\u00e1\u00a0 al obtener 4 medallas de oro, 5 de plata y 2 de bronce y la tercera posici\u00f3n fue para el Club Taiyoko de Veraguas con 4 medallas de oro, 1 de plata y un bronce. <\/p>\n<p>Durante este fin de semana m\u00e1s de 200 judokas de diferentes clubes de las provincias de Col\u00f3n, Veraguas, Chiriqu\u00ed, Cocl\u00e9 y Panam\u00e1 participaron en las categor\u00edas infantil, cadete, junior y mayor en ambas ramas en un torneo que tuvo como sede el gimnasio Eugenio &ldquo;Yuy\u00edn&rdquo; Luzcando de Betania. <\/p>\n<p>\u00a0 <\/p>\n","protected":false},"excerpt":{"rendered":"<p>Con 7 medallas de oro, 5 de platas y dos <a href=\"https:\/\/sertv.gob.pa\/nacionalfm\/club-masahiko-kimura-gana-ii-copa-isao-inokuma\/\"> [&#8230;]<\/a><\/p>\n","protected":false},"author":1,"featured_media":12075,"comment_status":"closed","ping_status":"closed","sticky":false,"template":"","format":"standard","meta":{"footnotes":""},"categories":[4],"tags":[],"class_list":["post-12074","post","type-post","status-publish","format-standard","has-post-thumbnail","hentry","category-deportes"],"_links":{"self":[{"href":"https:\/\/sertv.gob.pa\/nacionalfm\/wp-json\/wp\/v2\/posts\/12074","targetHints":{"allow":["GET"]}}],"collection":[{"href":"https:\/\/sertv.gob.pa\/nacionalfm\/wp-json\/wp\/v2\/posts"}],"about":[{"href":"https:\/\/sertv.gob.pa\/nacionalfm\/wp-json\/wp\/v2\/types\/post"}],"author":[{"embeddable":true,"href":"https:\/\/sertv.gob.pa\/nacionalfm\/wp-json\/wp\/v2\/users\/1"}],"replies":[{"embeddable":true,"href":"https:\/\/sertv.gob.pa\/nacionalfm\/wp-json\/wp\/v2\/comments?post=12074"}],"version-history":[{"count":0,"href":"https:\/\/sertv.gob.pa\/nacionalfm\/wp-json\/wp\/v2\/posts\/12074\/revisions"}],"wp:featuredmedia":[{"embeddable":true,"href":"https:\/\/sertv.gob.pa\/nacionalfm\/wp-json\/wp\/v2\/media\/12075"}],"wp:attachment":[{"href":"https:\/\/sertv.gob.pa\/nacionalfm\/wp-json\/wp\/v2\/media?parent=12074"}],"wp:term":[{"taxonomy":"category","embeddable":true,"href":"https:\/\/sertv.gob.pa\/nacionalfm\/wp-json\/wp\/v2\/categories?post=12074"},{"taxonomy":"post_tag","embeddable":true,"href":"https:\/\/sertv.gob.pa\/nacionalfm\/wp-json\/wp\/v2\/tags?post=12074"}],"curies":[{"name":"wp","href":"https:\/\/api.w.org\/{rel}","templated":true}]}}