{"id":1209,"date":"2014-08-23T05:00:00","date_gmt":"2014-08-23T05:00:00","guid":{"rendered":""},"modified":"2014-08-23T05:00:00","modified_gmt":"2014-08-23T05:00:00","slug":"el-minsa-inicia-campana-de-vacunacion-contra-varicela","status":"publish","type":"post","link":"https:\/\/sertv.gob.pa\/nacionalfm\/el-minsa-inicia-campana-de-vacunacion-contra-varicela\/","title":{"rendered":"El Minsa inicia campa\u00f1a de vacunaci\u00f3n contra varicela"},"content":{"rendered":"<p>\nA trav\u00e9s de las redes sociales, el Ministerio de Salud (Minsa) comenzar\u00e1 con una campa\u00f1a de vacunaci\u00f3n en el Centro Educativo Guillermo Endara Galimani, en Arraij\u00e1n, esto debido al brote de varicela.\u00a0 <\/p>\n<p>La entidad dio a conocer, que se aplicaron 400 dosis de vacunas en contra de la varicela a los ni\u00f1os de kinder y prekinder de esta escuela. <\/p>\n<p>La instituci\u00f3n igualmente recomend\u00f3 a las personas que padezcan de este virus permanecer en sus hogares hasta que las lesiones en la piel hayan secado. <\/p>\n<p>La varicela se presenta usualmente en los ni\u00f1os donde suele ser leve, pero en los adolescentes y adultos tiene mayor peligro de complicaciones. Los s\u00edntomas duran cerca de una semana. <\/p>\n<p>Los s\u00edntomas son semejantes a un cuadro gripal con fiebre leve o moderada, adem\u00e1s de dolor de cabeza y el est\u00f3mago. Posteriormente aparece un sarpullido donde despu\u00e9s aparecen las ampollas.\u00a0 @nacionalFm <\/p>\n<p>\u00a0 <\/p>\n","protected":false},"excerpt":{"rendered":"<p>A trav\u00e9s de las redes sociales, el Ministerio de Salud <a href=\"https:\/\/sertv.gob.pa\/nacionalfm\/el-minsa-inicia-campana-de-vacunacion-contra-varicela\/\"> [&#8230;]<\/a><\/p>\n","protected":false},"author":1,"featured_media":1210,"comment_status":"closed","ping_status":"closed","sticky":false,"template":"","format":"standard","meta":{"footnotes":""},"categories":[5],"tags":[],"class_list":["post-1209","post","type-post","status-publish","format-standard","has-post-thumbnail","hentry","category-salud"],"_links":{"self":[{"href":"https:\/\/sertv.gob.pa\/nacionalfm\/wp-json\/wp\/v2\/posts\/1209","targetHints":{"allow":["GET"]}}],"collection":[{"href":"https:\/\/sertv.gob.pa\/nacionalfm\/wp-json\/wp\/v2\/posts"}],"about":[{"href":"https:\/\/sertv.gob.pa\/nacionalfm\/wp-json\/wp\/v2\/types\/post"}],"author":[{"embeddable":true,"href":"https:\/\/sertv.gob.pa\/nacionalfm\/wp-json\/wp\/v2\/users\/1"}],"replies":[{"embeddable":true,"href":"https:\/\/sertv.gob.pa\/nacionalfm\/wp-json\/wp\/v2\/comments?post=1209"}],"version-history":[{"count":0,"href":"https:\/\/sertv.gob.pa\/nacionalfm\/wp-json\/wp\/v2\/posts\/1209\/revisions"}],"wp:featuredmedia":[{"embeddable":true,"href":"https:\/\/sertv.gob.pa\/nacionalfm\/wp-json\/wp\/v2\/media\/1210"}],"wp:attachment":[{"href":"https:\/\/sertv.gob.pa\/nacionalfm\/wp-json\/wp\/v2\/media?parent=1209"}],"wp:term":[{"taxonomy":"category","embeddable":true,"href":"https:\/\/sertv.gob.pa\/nacionalfm\/wp-json\/wp\/v2\/categories?post=1209"},{"taxonomy":"post_tag","embeddable":true,"href":"https:\/\/sertv.gob.pa\/nacionalfm\/wp-json\/wp\/v2\/tags?post=1209"}],"curies":[{"name":"wp","href":"https:\/\/api.w.org\/{rel}","templated":true}]}}