{"id":12090,"date":"2016-04-19T16:19:23","date_gmt":"2016-04-19T16:19:23","guid":{"rendered":""},"modified":"2016-04-19T16:19:23","modified_gmt":"2016-04-19T16:19:23","slug":"osteoartritis-o-artrosis-una-dolorosa-enfermedad","status":"publish","type":"post","link":"https:\/\/sertv.gob.pa\/nacionalfm\/osteoartritis-o-artrosis-una-dolorosa-enfermedad\/","title":{"rendered":"Osteoartritis o artrosis: una dolorosa enfermedad"},"content":{"rendered":"<p>\nA diferencia de la artritis reumatoide, que es una enfermedad inflamatoria sist\u00e9mica cr\u00f3nica que causa dolor, hinchaz\u00f3n y rigidez en las articulaciones, la artrosis u  osteoartritis  es una enfermedad degenerativa, un desgaste de causa espont\u00e1nea que aparece despu\u00e9s de los 50 a\u00f1os y que afecta articulaciones peque\u00f1as (por ejemplo, en las manos) y grandes (rodilla, cadera). <\/p>\n<p>La artrosis es la enfermedad articular m\u00e1s frecuente y afecta cerca del 50% de los mayores de 60 a\u00f1os. En las mujeres se suele manifestar en edades m\u00e1s tempranas. <\/p>\n<p>Igualmente puede darse prematuramente en personas con predisposici\u00f3n gen\u00e9tica, factores de riesgo o quienes sobreutilizan ciertas articulaciones, como un deportista de alto rendimiento o un bailar\u00edn. <\/p>\n<p>El Dr. \u00d3scar Luis Rillo, del Hospital General de Agudos Dr. Ignacio Pirovano en Argentina y miembro del grupo de estudio sobre osteoartritis de la Sociedad Argentina de Reumatolog\u00eda, menciona como ejemplo que un futbolista puede tener artrosis de rodilla o de cadera, y un tenista, en el codo. <\/p>\n<p>En cambio, la artrosis asociada a la edad no afecta el codo, ni el tobillo o el hombro tan seguido como las rodillas, la cadera o las manos. <\/p>\n<p>El especialista, que particip\u00f3 en el  XIX Congreso de la Liga Panamericana de Asociaciones de Reumatolog\u00eda  (Panlar) en Panam\u00e1, recomienda la consulta temprana, el evitar factores de riesgo como el exceso de peso y tratar de que el paciente cumpla con el tratamiento para no tener dolor y que pueda volver a su actividad diaria o trabajo. <\/p>\n<p>Los adultos mayores muchas veces tienen otras condiciones, como hipertensi\u00f3n u obesidad, las cuales dificultan implementar un tratamiento. <\/p>\n<p>Los antiinflamatorios en ese grupo etario a veces est\u00e1n contraindicados porque suben la presi\u00f3n o afectan el ri\u00f1\u00f3n. &ldquo;Hay que tener mucho cuidado, el tratamiento del dolor no puede ser una cosa masiva, sino muy personalizada&rdquo;, se\u00f1ala el Dr. Rillo. <\/p>\n<p>\u00a0 <\/p>\n<p>\u00a0 <\/p>\n","protected":false},"excerpt":{"rendered":"<p>A diferencia de la artritis reumatoide, que es una enfermedad <a href=\"https:\/\/sertv.gob.pa\/nacionalfm\/osteoartritis-o-artrosis-una-dolorosa-enfermedad\/\"> [&#8230;]<\/a><\/p>\n","protected":false},"author":1,"featured_media":12091,"comment_status":"closed","ping_status":"closed","sticky":false,"template":"","format":"standard","meta":{"footnotes":""},"categories":[5],"tags":[],"class_list":["post-12090","post","type-post","status-publish","format-standard","has-post-thumbnail","hentry","category-salud"],"_links":{"self":[{"href":"https:\/\/sertv.gob.pa\/nacionalfm\/wp-json\/wp\/v2\/posts\/12090","targetHints":{"allow":["GET"]}}],"collection":[{"href":"https:\/\/sertv.gob.pa\/nacionalfm\/wp-json\/wp\/v2\/posts"}],"about":[{"href":"https:\/\/sertv.gob.pa\/nacionalfm\/wp-json\/wp\/v2\/types\/post"}],"author":[{"embeddable":true,"href":"https:\/\/sertv.gob.pa\/nacionalfm\/wp-json\/wp\/v2\/users\/1"}],"replies":[{"embeddable":true,"href":"https:\/\/sertv.gob.pa\/nacionalfm\/wp-json\/wp\/v2\/comments?post=12090"}],"version-history":[{"count":0,"href":"https:\/\/sertv.gob.pa\/nacionalfm\/wp-json\/wp\/v2\/posts\/12090\/revisions"}],"wp:featuredmedia":[{"embeddable":true,"href":"https:\/\/sertv.gob.pa\/nacionalfm\/wp-json\/wp\/v2\/media\/12091"}],"wp:attachment":[{"href":"https:\/\/sertv.gob.pa\/nacionalfm\/wp-json\/wp\/v2\/media?parent=12090"}],"wp:term":[{"taxonomy":"category","embeddable":true,"href":"https:\/\/sertv.gob.pa\/nacionalfm\/wp-json\/wp\/v2\/categories?post=12090"},{"taxonomy":"post_tag","embeddable":true,"href":"https:\/\/sertv.gob.pa\/nacionalfm\/wp-json\/wp\/v2\/tags?post=12090"}],"curies":[{"name":"wp","href":"https:\/\/api.w.org\/{rel}","templated":true}]}}