{"id":12106,"date":"2016-04-19T19:20:21","date_gmt":"2016-04-19T19:20:21","guid":{"rendered":""},"modified":"2016-04-19T19:20:21","modified_gmt":"2016-04-19T19:20:21","slug":"atletico-nacional-continua-lider-en-la-tabla-de-posiciones-de-la-lpf","status":"publish","type":"post","link":"https:\/\/sertv.gob.pa\/nacionalfm\/atletico-nacional-continua-lider-en-la-tabla-de-posiciones-de-la-lpf\/","title":{"rendered":"Atl\u00e9tico Nacional contin\u00faa l\u00edder en la tabla de posiciones de la LPF"},"content":{"rendered":"<p>\nEl Atl\u00e9tico Nacional contin\u00faa l\u00edder en la tabla de posiciones de la Liga Paname\u00f1a de F\u00fatbol con 26 puntos, le siguen el Chorrillo FC con 23 puntos, con 22 puntos se encuentra en tercer lugar el Plaza Amador. <\/p>\n<p>El \u00c1rabe Unido se encuentra con 21 puntos, San Francisco con 20, el Tauro FC, el Sporting San Miguelito y Atl\u00e9tico Chiriqu\u00ed con 19 puntos, el Chepo FC con 18 puntos y en el s\u00f3tano el Alianza FC con 17 puntos. <\/p>\n","protected":false},"excerpt":{"rendered":"<p>El Atl\u00e9tico Nacional contin\u00faa l\u00edder en la tabla de posiciones <a href=\"https:\/\/sertv.gob.pa\/nacionalfm\/atletico-nacional-continua-lider-en-la-tabla-de-posiciones-de-la-lpf\/\"> [&#8230;]<\/a><\/p>\n","protected":false},"author":1,"featured_media":12107,"comment_status":"closed","ping_status":"closed","sticky":false,"template":"","format":"standard","meta":{"footnotes":""},"categories":[4],"tags":[],"class_list":["post-12106","post","type-post","status-publish","format-standard","has-post-thumbnail","hentry","category-deportes"],"_links":{"self":[{"href":"https:\/\/sertv.gob.pa\/nacionalfm\/wp-json\/wp\/v2\/posts\/12106","targetHints":{"allow":["GET"]}}],"collection":[{"href":"https:\/\/sertv.gob.pa\/nacionalfm\/wp-json\/wp\/v2\/posts"}],"about":[{"href":"https:\/\/sertv.gob.pa\/nacionalfm\/wp-json\/wp\/v2\/types\/post"}],"author":[{"embeddable":true,"href":"https:\/\/sertv.gob.pa\/nacionalfm\/wp-json\/wp\/v2\/users\/1"}],"replies":[{"embeddable":true,"href":"https:\/\/sertv.gob.pa\/nacionalfm\/wp-json\/wp\/v2\/comments?post=12106"}],"version-history":[{"count":0,"href":"https:\/\/sertv.gob.pa\/nacionalfm\/wp-json\/wp\/v2\/posts\/12106\/revisions"}],"wp:featuredmedia":[{"embeddable":true,"href":"https:\/\/sertv.gob.pa\/nacionalfm\/wp-json\/wp\/v2\/media\/12107"}],"wp:attachment":[{"href":"https:\/\/sertv.gob.pa\/nacionalfm\/wp-json\/wp\/v2\/media?parent=12106"}],"wp:term":[{"taxonomy":"category","embeddable":true,"href":"https:\/\/sertv.gob.pa\/nacionalfm\/wp-json\/wp\/v2\/categories?post=12106"},{"taxonomy":"post_tag","embeddable":true,"href":"https:\/\/sertv.gob.pa\/nacionalfm\/wp-json\/wp\/v2\/tags?post=12106"}],"curies":[{"name":"wp","href":"https:\/\/api.w.org\/{rel}","templated":true}]}}