{"id":12126,"date":"2016-04-20T14:51:00","date_gmt":"2016-04-20T14:51:00","guid":{"rendered":""},"modified":"2016-04-20T14:51:00","modified_gmt":"2016-04-20T14:51:00","slug":"asignan-oficiales-para-pelea-uchiyama-corrales","status":"publish","type":"post","link":"https:\/\/sertv.gob.pa\/nacionalfm\/asignan-oficiales-para-pelea-uchiyama-corrales\/","title":{"rendered":"Asignan oficiales para pelea Uchiyama-Corrales"},"content":{"rendered":"<p>\nLa Asociaci\u00f3n Mundial de Boxeo asign\u00f3 a los oficiales que participar\u00e1n en la pelea de t\u00edtulo mundial de los superplumas entre el campe\u00f3n el japon\u00e9s Takashi Uchiyama y el campe\u00f3n interino, el paname\u00f1o Jezrrel &ldquo;El Invisible&rdquo; Corrales. <\/p>\n<p>Los oficiales para el encuentro titular de las 130 libras son el \u00e1rbitro Robert Hayle, de Los Estados Unidos, mientras que los jueces ser\u00e1n Hubert Earle de Canad\u00e1 y Uriel Aguilera de Colombia y Silvestre Abainza de Filipinas. <\/p>\n<p>Jezrrel Corrales gan\u00f3 el t\u00edtulo interino de los s\u00faper plumas de la AMB, por K.O.T. en 10 asaltos sobre el mexicano Juan Antonio Rodr\u00edguez, el pasado 17 de diciembre de 2015, y tiene un palmar\u00e9s de 19 victorias 1 derrota con no contest y 7 ganadas por la v\u00eda r\u00e1pida, en tanto que el campe\u00f3n Uchiyama, tiene un r\u00e9cord inmaculado de 24 victorias sin derrotas con 1 empate y 20 ganadas por K.O. <\/p>\n<p>\u00a0 <\/p>\n","protected":false},"excerpt":{"rendered":"<p>La Asociaci\u00f3n Mundial de Boxeo asign\u00f3 a los oficiales que <a href=\"https:\/\/sertv.gob.pa\/nacionalfm\/asignan-oficiales-para-pelea-uchiyama-corrales\/\"> [&#8230;]<\/a><\/p>\n","protected":false},"author":1,"featured_media":12127,"comment_status":"closed","ping_status":"closed","sticky":false,"template":"","format":"standard","meta":{"footnotes":""},"categories":[4],"tags":[],"class_list":["post-12126","post","type-post","status-publish","format-standard","has-post-thumbnail","hentry","category-deportes"],"_links":{"self":[{"href":"https:\/\/sertv.gob.pa\/nacionalfm\/wp-json\/wp\/v2\/posts\/12126","targetHints":{"allow":["GET"]}}],"collection":[{"href":"https:\/\/sertv.gob.pa\/nacionalfm\/wp-json\/wp\/v2\/posts"}],"about":[{"href":"https:\/\/sertv.gob.pa\/nacionalfm\/wp-json\/wp\/v2\/types\/post"}],"author":[{"embeddable":true,"href":"https:\/\/sertv.gob.pa\/nacionalfm\/wp-json\/wp\/v2\/users\/1"}],"replies":[{"embeddable":true,"href":"https:\/\/sertv.gob.pa\/nacionalfm\/wp-json\/wp\/v2\/comments?post=12126"}],"version-history":[{"count":0,"href":"https:\/\/sertv.gob.pa\/nacionalfm\/wp-json\/wp\/v2\/posts\/12126\/revisions"}],"wp:featuredmedia":[{"embeddable":true,"href":"https:\/\/sertv.gob.pa\/nacionalfm\/wp-json\/wp\/v2\/media\/12127"}],"wp:attachment":[{"href":"https:\/\/sertv.gob.pa\/nacionalfm\/wp-json\/wp\/v2\/media?parent=12126"}],"wp:term":[{"taxonomy":"category","embeddable":true,"href":"https:\/\/sertv.gob.pa\/nacionalfm\/wp-json\/wp\/v2\/categories?post=12126"},{"taxonomy":"post_tag","embeddable":true,"href":"https:\/\/sertv.gob.pa\/nacionalfm\/wp-json\/wp\/v2\/tags?post=12126"}],"curies":[{"name":"wp","href":"https:\/\/api.w.org\/{rel}","templated":true}]}}