{"id":1213,"date":"2014-08-24T05:00:00","date_gmt":"2014-08-24T05:00:00","guid":{"rendered":""},"modified":"2014-08-24T05:00:00","modified_gmt":"2014-08-24T05:00:00","slug":"agua-en-el-complejo-hospitalario-es-potable","status":"publish","type":"post","link":"https:\/\/sertv.gob.pa\/nacionalfm\/agua-en-el-complejo-hospitalario-es-potable\/","title":{"rendered":"Agua en el Complejo Hospitalario es potable"},"content":{"rendered":"<p>\nEl agua del  Complejo Hospitalario Metropolitano Dr. Arnulfo Aria Madrid  es  potable y libre de bacteria , afirm\u00f3 mediante un comunicado la  Caja   de Seguro Social (CSS).  <\/p>\n<p>Indican que en el Complejo se elimin\u00f3 el tanque de reserva de agua que exist\u00eda y se construyeron dos tanques de reserva nuevos de mucha mayor capacidad que son llenados con agua que suministra el  IDAAN  y, al momento de su recepci\u00f3n, se verific\u00f3 que los mismos estuvieran en excelentes condiciones. <\/p>\n<p>A\u00f1aden que los mismos tienen garant\u00eda para subsanar cualquier detalles que presenten, no obstante, solamente cuando por alguna raz\u00f3n el IDAAN suspende el servicio de suministro de agua, es entonces que el sistema del Complejo se alimentar\u00eda con el agua de los tanques. <\/p>\n<p>\u00a0 <\/p>\n<p>\u00a0 <\/p>\n","protected":false},"excerpt":{"rendered":"<p>El agua del Complejo Hospitalario Metropolitano Dr. Arnulfo Aria Madrid <a href=\"https:\/\/sertv.gob.pa\/nacionalfm\/agua-en-el-complejo-hospitalario-es-potable\/\"> [&#8230;]<\/a><\/p>\n","protected":false},"author":1,"featured_media":1214,"comment_status":"closed","ping_status":"closed","sticky":false,"template":"","format":"standard","meta":{"footnotes":""},"categories":[5],"tags":[],"class_list":["post-1213","post","type-post","status-publish","format-standard","has-post-thumbnail","hentry","category-salud"],"_links":{"self":[{"href":"https:\/\/sertv.gob.pa\/nacionalfm\/wp-json\/wp\/v2\/posts\/1213","targetHints":{"allow":["GET"]}}],"collection":[{"href":"https:\/\/sertv.gob.pa\/nacionalfm\/wp-json\/wp\/v2\/posts"}],"about":[{"href":"https:\/\/sertv.gob.pa\/nacionalfm\/wp-json\/wp\/v2\/types\/post"}],"author":[{"embeddable":true,"href":"https:\/\/sertv.gob.pa\/nacionalfm\/wp-json\/wp\/v2\/users\/1"}],"replies":[{"embeddable":true,"href":"https:\/\/sertv.gob.pa\/nacionalfm\/wp-json\/wp\/v2\/comments?post=1213"}],"version-history":[{"count":0,"href":"https:\/\/sertv.gob.pa\/nacionalfm\/wp-json\/wp\/v2\/posts\/1213\/revisions"}],"wp:featuredmedia":[{"embeddable":true,"href":"https:\/\/sertv.gob.pa\/nacionalfm\/wp-json\/wp\/v2\/media\/1214"}],"wp:attachment":[{"href":"https:\/\/sertv.gob.pa\/nacionalfm\/wp-json\/wp\/v2\/media?parent=1213"}],"wp:term":[{"taxonomy":"category","embeddable":true,"href":"https:\/\/sertv.gob.pa\/nacionalfm\/wp-json\/wp\/v2\/categories?post=1213"},{"taxonomy":"post_tag","embeddable":true,"href":"https:\/\/sertv.gob.pa\/nacionalfm\/wp-json\/wp\/v2\/tags?post=1213"}],"curies":[{"name":"wp","href":"https:\/\/api.w.org\/{rel}","templated":true}]}}