{"id":12130,"date":"2016-04-20T16:13:54","date_gmt":"2016-04-20T16:13:54","guid":{"rendered":""},"modified":"2016-04-20T16:13:54","modified_gmt":"2016-04-20T16:13:54","slug":"a-239-aumentaron-los-casos-del-virus-zika","status":"publish","type":"post","link":"https:\/\/sertv.gob.pa\/nacionalfm\/a-239-aumentaron-los-casos-del-virus-zika\/","title":{"rendered":"A 239 aumentaron los casos del virus zika"},"content":{"rendered":"<p>\nLourdes Garc\u00eda, Directora de Epidemiolog\u00eda del Ministerio de Salud (Minsa), \u00a0inform\u00f3 que los  casos del virus zika \u00a0aumentaron a 239 en la \u00faltima semana. <\/p>\n<p>De acuerdo a Garc\u00eda, en este grupo hay 16 mujeres embarazadas a las cuales se le est\u00e1n ofreciendo todos los servicios de salud que requieren, dado que en estos momentos la vigilancia de estas mujeres es prioridad para el sistema de Salud. <\/p>\n<p>Igualmente explic\u00f3 que se ampliar\u00e1n las normas de control para que en el \u00faltimo trimestre del \u00abembarazo se les hagan ultrasonidos para conocer si el producto viene con afectaciones y cu\u00e1les son\u00bb. <\/p>\n<p>No obstante, neg\u00f3 que este virus se pueda incluir dentro de las afectaciones que ocasionan malformaciones cong\u00e9nitas que pueden llevar a la interrupci\u00f3n del embarazado. <\/p>\n<p>Mientras, el director del Instituto Conmemorativo Gorgas de Estudios de la Salud, N\u00e9stor Sosa, se\u00f1al\u00f3 que como se trata de una enfermedad nueva y desconocida, en muchos aspectos, a las mujeres embarazadas se les trata como de \u00abalto riesgo\u00bb. <\/p>\n<p>A\u00f1adi\u00f3 que entre m\u00e1s se investiga sobre la enfermedad m\u00e1s descubren que es un problema mucho mayor de que lo originalmente se pensaba.\u00a0 <\/p>\n<p>\u00a0 <\/p>\n","protected":false},"excerpt":{"rendered":"<p>Lourdes Garc\u00eda, Directora de Epidemiolog\u00eda del Ministerio de Salud (Minsa), <a href=\"https:\/\/sertv.gob.pa\/nacionalfm\/a-239-aumentaron-los-casos-del-virus-zika\/\"> [&#8230;]<\/a><\/p>\n","protected":false},"author":1,"featured_media":12131,"comment_status":"closed","ping_status":"closed","sticky":false,"template":"","format":"standard","meta":{"footnotes":""},"categories":[5],"tags":[],"class_list":["post-12130","post","type-post","status-publish","format-standard","has-post-thumbnail","hentry","category-salud"],"_links":{"self":[{"href":"https:\/\/sertv.gob.pa\/nacionalfm\/wp-json\/wp\/v2\/posts\/12130","targetHints":{"allow":["GET"]}}],"collection":[{"href":"https:\/\/sertv.gob.pa\/nacionalfm\/wp-json\/wp\/v2\/posts"}],"about":[{"href":"https:\/\/sertv.gob.pa\/nacionalfm\/wp-json\/wp\/v2\/types\/post"}],"author":[{"embeddable":true,"href":"https:\/\/sertv.gob.pa\/nacionalfm\/wp-json\/wp\/v2\/users\/1"}],"replies":[{"embeddable":true,"href":"https:\/\/sertv.gob.pa\/nacionalfm\/wp-json\/wp\/v2\/comments?post=12130"}],"version-history":[{"count":0,"href":"https:\/\/sertv.gob.pa\/nacionalfm\/wp-json\/wp\/v2\/posts\/12130\/revisions"}],"wp:featuredmedia":[{"embeddable":true,"href":"https:\/\/sertv.gob.pa\/nacionalfm\/wp-json\/wp\/v2\/media\/12131"}],"wp:attachment":[{"href":"https:\/\/sertv.gob.pa\/nacionalfm\/wp-json\/wp\/v2\/media?parent=12130"}],"wp:term":[{"taxonomy":"category","embeddable":true,"href":"https:\/\/sertv.gob.pa\/nacionalfm\/wp-json\/wp\/v2\/categories?post=12130"},{"taxonomy":"post_tag","embeddable":true,"href":"https:\/\/sertv.gob.pa\/nacionalfm\/wp-json\/wp\/v2\/tags?post=12130"}],"curies":[{"name":"wp","href":"https:\/\/api.w.org\/{rel}","templated":true}]}}