{"id":12136,"date":"2016-04-20T16:51:09","date_gmt":"2016-04-20T16:51:09","guid":{"rendered":""},"modified":"2016-04-20T16:51:09","modified_gmt":"2016-04-20T16:51:09","slug":"realizan-sorteo-de-grupos-para-campeonato-nacional-de-futsal","status":"publish","type":"post","link":"https:\/\/sertv.gob.pa\/nacionalfm\/realizan-sorteo-de-grupos-para-campeonato-nacional-de-futsal\/","title":{"rendered":"Realizan sorteo de grupos para Campeonato Nacional de FUTSAL"},"content":{"rendered":"<p>\nRecientemente la Federaci\u00f3n Paname\u00f1a de F\u00fatbol realiz\u00f3 el sorteo de grupos del Campeonato Nacional de FUTSAL, que se jugar\u00e1 entre el 28 de agosto y el 4 de septiembre pr\u00f3ximo. <\/p>\n<p>Un total de doce equipos se medir\u00e1n durante ocho d\u00edas en la arena Roberto Dur\u00e1n en busca del t\u00edtulo que el a\u00f1o pasado gan\u00f3 en buena lid la representaci\u00f3n de Panam\u00e1 Este. <\/p>\n<p>El Grupo A est\u00e1 compuesto por Panam\u00e1 Este, Panam\u00e1 Oeste, Herrera, Chiriqu\u00ed, Chiriqu\u00ed Occidente y Dari\u00e9n. <\/p>\n<p>En el Grupo B quedaron San Miguelito, Veraguas, Cocl\u00e9, Col\u00f3n, Los Santos y Bocas del Toro. <\/p>\n<p>\u00a0 <\/p>\n","protected":false},"excerpt":{"rendered":"<p>Recientemente la Federaci\u00f3n Paname\u00f1a de F\u00fatbol realiz\u00f3 el sorteo de <a href=\"https:\/\/sertv.gob.pa\/nacionalfm\/realizan-sorteo-de-grupos-para-campeonato-nacional-de-futsal\/\"> [&#8230;]<\/a><\/p>\n","protected":false},"author":1,"featured_media":12137,"comment_status":"closed","ping_status":"closed","sticky":false,"template":"","format":"standard","meta":{"footnotes":""},"categories":[4],"tags":[],"class_list":["post-12136","post","type-post","status-publish","format-standard","has-post-thumbnail","hentry","category-deportes"],"_links":{"self":[{"href":"https:\/\/sertv.gob.pa\/nacionalfm\/wp-json\/wp\/v2\/posts\/12136","targetHints":{"allow":["GET"]}}],"collection":[{"href":"https:\/\/sertv.gob.pa\/nacionalfm\/wp-json\/wp\/v2\/posts"}],"about":[{"href":"https:\/\/sertv.gob.pa\/nacionalfm\/wp-json\/wp\/v2\/types\/post"}],"author":[{"embeddable":true,"href":"https:\/\/sertv.gob.pa\/nacionalfm\/wp-json\/wp\/v2\/users\/1"}],"replies":[{"embeddable":true,"href":"https:\/\/sertv.gob.pa\/nacionalfm\/wp-json\/wp\/v2\/comments?post=12136"}],"version-history":[{"count":0,"href":"https:\/\/sertv.gob.pa\/nacionalfm\/wp-json\/wp\/v2\/posts\/12136\/revisions"}],"wp:featuredmedia":[{"embeddable":true,"href":"https:\/\/sertv.gob.pa\/nacionalfm\/wp-json\/wp\/v2\/media\/12137"}],"wp:attachment":[{"href":"https:\/\/sertv.gob.pa\/nacionalfm\/wp-json\/wp\/v2\/media?parent=12136"}],"wp:term":[{"taxonomy":"category","embeddable":true,"href":"https:\/\/sertv.gob.pa\/nacionalfm\/wp-json\/wp\/v2\/categories?post=12136"},{"taxonomy":"post_tag","embeddable":true,"href":"https:\/\/sertv.gob.pa\/nacionalfm\/wp-json\/wp\/v2\/tags?post=12136"}],"curies":[{"name":"wp","href":"https:\/\/api.w.org\/{rel}","templated":true}]}}