{"id":12144,"date":"2016-04-20T21:55:55","date_gmt":"2016-04-20T21:55:55","guid":{"rendered":""},"modified":"2016-04-20T21:55:55","modified_gmt":"2016-04-20T21:55:55","slug":"presentan-nuevo-tecnico-de-la-seleccion-nacional-de-baloncesto","status":"publish","type":"post","link":"https:\/\/sertv.gob.pa\/nacionalfm\/presentan-nuevo-tecnico-de-la-seleccion-nacional-de-baloncesto\/","title":{"rendered":"Presentan nuevo t\u00e9cnico de la Selecci\u00f3n Nacional de Baloncesto"},"content":{"rendered":"<p>\nLa Federaci\u00f3n Paname\u00f1a de Baloncesto que preside Jair Peralta,\u00a0 present\u00f3 como nuevo Director T\u00e9cnico de la Selecci\u00f3n Nacional Mayor de Baloncesto, el espa\u00f1ol Joaqu\u00edn Ruiz Lorente. <\/p>\n<p>En dicha conferencia de prensa organizada por FEPABA se dio a conocer el listado de los jugadores convocados, adem\u00e1s de el plan de trabajo de la selecci\u00f3n mayor y el personal &ldquo;Staff&rdquo; que acompa\u00f1ar\u00e1 desde hoy al director Ruiz para el CENTOBASKET &ndash; Panam\u00e1 &ndash; 2016 <\/p>\n<p>El torneo CENTROBASKET que se celebrar\u00e1 en nuestro pa\u00eds del 19 al 25 de junio en la Arena Roberto Dur\u00e1n; en la cual participar\u00e1n los (10) mejores del \u00e1rea de Centroam\u00e9rica y del Caribe: Antigua, Barbados, Costa Rica, Cuba, Rep\u00fablica Dominicana, M\u00e9xico, Nicaragua, Puerto Rico, Islas V\u00edrgenes y la sede Panam\u00e1. <\/p>\n","protected":false},"excerpt":{"rendered":"<p>La Federaci\u00f3n Paname\u00f1a de Baloncesto que preside Jair Peralta,\u00a0 present\u00f3 <a href=\"https:\/\/sertv.gob.pa\/nacionalfm\/presentan-nuevo-tecnico-de-la-seleccion-nacional-de-baloncesto\/\"> [&#8230;]<\/a><\/p>\n","protected":false},"author":1,"featured_media":12145,"comment_status":"closed","ping_status":"closed","sticky":false,"template":"","format":"standard","meta":{"footnotes":""},"categories":[4],"tags":[],"class_list":["post-12144","post","type-post","status-publish","format-standard","has-post-thumbnail","hentry","category-deportes"],"_links":{"self":[{"href":"https:\/\/sertv.gob.pa\/nacionalfm\/wp-json\/wp\/v2\/posts\/12144","targetHints":{"allow":["GET"]}}],"collection":[{"href":"https:\/\/sertv.gob.pa\/nacionalfm\/wp-json\/wp\/v2\/posts"}],"about":[{"href":"https:\/\/sertv.gob.pa\/nacionalfm\/wp-json\/wp\/v2\/types\/post"}],"author":[{"embeddable":true,"href":"https:\/\/sertv.gob.pa\/nacionalfm\/wp-json\/wp\/v2\/users\/1"}],"replies":[{"embeddable":true,"href":"https:\/\/sertv.gob.pa\/nacionalfm\/wp-json\/wp\/v2\/comments?post=12144"}],"version-history":[{"count":0,"href":"https:\/\/sertv.gob.pa\/nacionalfm\/wp-json\/wp\/v2\/posts\/12144\/revisions"}],"wp:featuredmedia":[{"embeddable":true,"href":"https:\/\/sertv.gob.pa\/nacionalfm\/wp-json\/wp\/v2\/media\/12145"}],"wp:attachment":[{"href":"https:\/\/sertv.gob.pa\/nacionalfm\/wp-json\/wp\/v2\/media?parent=12144"}],"wp:term":[{"taxonomy":"category","embeddable":true,"href":"https:\/\/sertv.gob.pa\/nacionalfm\/wp-json\/wp\/v2\/categories?post=12144"},{"taxonomy":"post_tag","embeddable":true,"href":"https:\/\/sertv.gob.pa\/nacionalfm\/wp-json\/wp\/v2\/tags?post=12144"}],"curies":[{"name":"wp","href":"https:\/\/api.w.org\/{rel}","templated":true}]}}