{"id":12172,"date":"2016-04-21T16:18:57","date_gmt":"2016-04-21T16:18:57","guid":{"rendered":""},"modified":"2016-04-21T16:18:57","modified_gmt":"2016-04-21T16:18:57","slug":"mediante-ceremonia-en-antigua-olimpia-encienden-llama-olimpica","status":"publish","type":"post","link":"https:\/\/sertv.gob.pa\/nacionalfm\/mediante-ceremonia-en-antigua-olimpia-encienden-llama-olimpica\/","title":{"rendered":"Mediante ceremonia en antigua Olimpia encienden llama Ol\u00edmpica"},"content":{"rendered":"<p>\nLa llama Ol\u00edmpica 2016 fue encendida hoy en una ceremonia realizada en la antigua Olimpia. <\/p>\n<p>El relevo de la antorcha ol\u00edmpica 2016 R\u00edo visitar\u00e1 329 pueblos y ciudades en Brasil. La llama viajar\u00e1 m\u00e1s de 20.000 km por carretera y 10.000 millas por el aire en todo el pa\u00eds de acogida. Que ser\u00e1 llevada por 12.000 portadores de la antorcha, teniendo el esp\u00edritu de los Juegos Ol\u00edmpicos a todos los rincones del quinto pa\u00eds m\u00e1s grande del mundo. <\/p>\n<p>\u00a0 <\/p>\n<p>\u00a0 <\/p>\n","protected":false},"excerpt":{"rendered":"<p>La llama Ol\u00edmpica 2016 fue encendida hoy en una ceremonia <a href=\"https:\/\/sertv.gob.pa\/nacionalfm\/mediante-ceremonia-en-antigua-olimpia-encienden-llama-olimpica\/\"> [&#8230;]<\/a><\/p>\n","protected":false},"author":1,"featured_media":12173,"comment_status":"closed","ping_status":"closed","sticky":false,"template":"","format":"standard","meta":{"footnotes":""},"categories":[4],"tags":[],"class_list":["post-12172","post","type-post","status-publish","format-standard","has-post-thumbnail","hentry","category-deportes"],"_links":{"self":[{"href":"https:\/\/sertv.gob.pa\/nacionalfm\/wp-json\/wp\/v2\/posts\/12172","targetHints":{"allow":["GET"]}}],"collection":[{"href":"https:\/\/sertv.gob.pa\/nacionalfm\/wp-json\/wp\/v2\/posts"}],"about":[{"href":"https:\/\/sertv.gob.pa\/nacionalfm\/wp-json\/wp\/v2\/types\/post"}],"author":[{"embeddable":true,"href":"https:\/\/sertv.gob.pa\/nacionalfm\/wp-json\/wp\/v2\/users\/1"}],"replies":[{"embeddable":true,"href":"https:\/\/sertv.gob.pa\/nacionalfm\/wp-json\/wp\/v2\/comments?post=12172"}],"version-history":[{"count":0,"href":"https:\/\/sertv.gob.pa\/nacionalfm\/wp-json\/wp\/v2\/posts\/12172\/revisions"}],"wp:featuredmedia":[{"embeddable":true,"href":"https:\/\/sertv.gob.pa\/nacionalfm\/wp-json\/wp\/v2\/media\/12173"}],"wp:attachment":[{"href":"https:\/\/sertv.gob.pa\/nacionalfm\/wp-json\/wp\/v2\/media?parent=12172"}],"wp:term":[{"taxonomy":"category","embeddable":true,"href":"https:\/\/sertv.gob.pa\/nacionalfm\/wp-json\/wp\/v2\/categories?post=12172"},{"taxonomy":"post_tag","embeddable":true,"href":"https:\/\/sertv.gob.pa\/nacionalfm\/wp-json\/wp\/v2\/tags?post=12172"}],"curies":[{"name":"wp","href":"https:\/\/api.w.org\/{rel}","templated":true}]}}