{"id":12194,"date":"2016-04-22T16:33:50","date_gmt":"2016-04-22T16:33:50","guid":{"rendered":""},"modified":"2016-04-22T16:33:50","modified_gmt":"2016-04-22T16:33:50","slug":"beba-cafe-y-su-salud-se-lo-agradecera","status":"publish","type":"post","link":"https:\/\/sertv.gob.pa\/nacionalfm\/beba-cafe-y-su-salud-se-lo-agradecera\/","title":{"rendered":"Beba caf\u00e9 y su salud se lo agradecer\u00e1"},"content":{"rendered":"<p>\nUna segunda o incluso una tercera taza de caf\u00e9 al d\u00eda pueden ayudarle no s\u00f3lo a sobrellevar su cansancio durante el d\u00eda, sino a mucho m\u00e1s. As\u00ed lo refleja un estudio efectuado por investigadores de la Escuela de Salud P\u00fablica de Harvard que publica la revista   Circulation  , y que indica que el consumo de esta bebida, siempre que sea moderado,  podr\u00eda protegernos contra varias enfermedades . <\/p>\n<p>La investigaci\u00f3n sostiene que tomar como  m\u00e1ximo cinco tazas  de caf\u00e9 al d\u00eda, (j ustamente la cantidad  fijada por la Agencia Europea de Seguridad Alimentaria) reducir\u00eda el riesgo de morir por enfermedad cardiovascular, diabetes, algunas enfermedades neurol\u00f3gicas o, incluso, por suicidio. Los datos se han obtenido del seguimiento durante unos 30 a\u00f1os de  m\u00e1s de 200.000 hombres y mujeres  de los que se estudiaron sus h\u00e1bitos de vida y su consumo de caf\u00e9 diario, un tiempo suficiente para sacar importantes conclusiones respecto a esta bebida. <\/p>\n<p>\u00a0 <\/p>\n","protected":false},"excerpt":{"rendered":"<p>Una segunda o incluso una tercera taza de caf\u00e9 al <a href=\"https:\/\/sertv.gob.pa\/nacionalfm\/beba-cafe-y-su-salud-se-lo-agradecera\/\"> [&#8230;]<\/a><\/p>\n","protected":false},"author":1,"featured_media":12195,"comment_status":"closed","ping_status":"closed","sticky":false,"template":"","format":"standard","meta":{"footnotes":""},"categories":[5],"tags":[],"class_list":["post-12194","post","type-post","status-publish","format-standard","has-post-thumbnail","hentry","category-salud"],"_links":{"self":[{"href":"https:\/\/sertv.gob.pa\/nacionalfm\/wp-json\/wp\/v2\/posts\/12194","targetHints":{"allow":["GET"]}}],"collection":[{"href":"https:\/\/sertv.gob.pa\/nacionalfm\/wp-json\/wp\/v2\/posts"}],"about":[{"href":"https:\/\/sertv.gob.pa\/nacionalfm\/wp-json\/wp\/v2\/types\/post"}],"author":[{"embeddable":true,"href":"https:\/\/sertv.gob.pa\/nacionalfm\/wp-json\/wp\/v2\/users\/1"}],"replies":[{"embeddable":true,"href":"https:\/\/sertv.gob.pa\/nacionalfm\/wp-json\/wp\/v2\/comments?post=12194"}],"version-history":[{"count":0,"href":"https:\/\/sertv.gob.pa\/nacionalfm\/wp-json\/wp\/v2\/posts\/12194\/revisions"}],"wp:featuredmedia":[{"embeddable":true,"href":"https:\/\/sertv.gob.pa\/nacionalfm\/wp-json\/wp\/v2\/media\/12195"}],"wp:attachment":[{"href":"https:\/\/sertv.gob.pa\/nacionalfm\/wp-json\/wp\/v2\/media?parent=12194"}],"wp:term":[{"taxonomy":"category","embeddable":true,"href":"https:\/\/sertv.gob.pa\/nacionalfm\/wp-json\/wp\/v2\/categories?post=12194"},{"taxonomy":"post_tag","embeddable":true,"href":"https:\/\/sertv.gob.pa\/nacionalfm\/wp-json\/wp\/v2\/tags?post=12194"}],"curies":[{"name":"wp","href":"https:\/\/api.w.org\/{rel}","templated":true}]}}