{"id":12200,"date":"2016-04-22T18:39:18","date_gmt":"2016-04-22T18:39:18","guid":{"rendered":""},"modified":"2016-04-22T18:39:18","modified_gmt":"2016-04-22T18:39:18","slug":"oms-declara-a-europa-territorio-libre-de-malaria","status":"publish","type":"post","link":"https:\/\/sertv.gob.pa\/nacionalfm\/oms-declara-a-europa-territorio-libre-de-malaria\/","title":{"rendered":"OMS declara a Europa territorio libre de malaria"},"content":{"rendered":"<p>\nLa Organizaci\u00f3n Mundial de la Salud ha declarado al continente Europeo libre de  malaria , lo que le convierte en el primero que ha conseguido erradicar la trasmisi\u00f3n local del par\u00e1sito, que ha pasado en dos d\u00e9cadas  de los 90.712 casos detectados en 1995 a cero casos en 2015.   <\/p>\n<p>Este anuncio se produce en v\u00edsperas de la celebraci\u00f3n del  D\u00eda Mundial de la Malaria el pr\u00f3ximo lunes , 25 de abril, que este a\u00f1o lleva como lema  Acabemos con el paludismo para siempre , con la intenci\u00f3n de reflejar la visi\u00f3n de un mundo sin  paludismo  establecida en la Estrategia t\u00e9cnica mundial contra la malaria 2016-2030. <\/p>\n<p>\u00abEste es un importante hito en la historia de la salud p\u00fablica de Europa y en los esfuerzos para eliminar la malaria en todo el mundo. Aplaudo este logro como resultado de un fuerte compromiso pol\u00edtico de los l\u00edderes europeos con el apoyo de la OMS\u00bb, ha explicado Zsuzsanna Jakab, directora regional de la OMS para Europa. <\/p>\n<p>\u00a0 <\/p>\n","protected":false},"excerpt":{"rendered":"<p>La Organizaci\u00f3n Mundial de la Salud ha declarado al continente <a href=\"https:\/\/sertv.gob.pa\/nacionalfm\/oms-declara-a-europa-territorio-libre-de-malaria\/\"> [&#8230;]<\/a><\/p>\n","protected":false},"author":1,"featured_media":12201,"comment_status":"closed","ping_status":"closed","sticky":false,"template":"","format":"standard","meta":{"footnotes":""},"categories":[5],"tags":[],"class_list":["post-12200","post","type-post","status-publish","format-standard","has-post-thumbnail","hentry","category-salud"],"_links":{"self":[{"href":"https:\/\/sertv.gob.pa\/nacionalfm\/wp-json\/wp\/v2\/posts\/12200","targetHints":{"allow":["GET"]}}],"collection":[{"href":"https:\/\/sertv.gob.pa\/nacionalfm\/wp-json\/wp\/v2\/posts"}],"about":[{"href":"https:\/\/sertv.gob.pa\/nacionalfm\/wp-json\/wp\/v2\/types\/post"}],"author":[{"embeddable":true,"href":"https:\/\/sertv.gob.pa\/nacionalfm\/wp-json\/wp\/v2\/users\/1"}],"replies":[{"embeddable":true,"href":"https:\/\/sertv.gob.pa\/nacionalfm\/wp-json\/wp\/v2\/comments?post=12200"}],"version-history":[{"count":0,"href":"https:\/\/sertv.gob.pa\/nacionalfm\/wp-json\/wp\/v2\/posts\/12200\/revisions"}],"wp:featuredmedia":[{"embeddable":true,"href":"https:\/\/sertv.gob.pa\/nacionalfm\/wp-json\/wp\/v2\/media\/12201"}],"wp:attachment":[{"href":"https:\/\/sertv.gob.pa\/nacionalfm\/wp-json\/wp\/v2\/media?parent=12200"}],"wp:term":[{"taxonomy":"category","embeddable":true,"href":"https:\/\/sertv.gob.pa\/nacionalfm\/wp-json\/wp\/v2\/categories?post=12200"},{"taxonomy":"post_tag","embeddable":true,"href":"https:\/\/sertv.gob.pa\/nacionalfm\/wp-json\/wp\/v2\/tags?post=12200"}],"curies":[{"name":"wp","href":"https:\/\/api.w.org\/{rel}","templated":true}]}}