{"id":1223,"date":"2014-08-25T05:00:00","date_gmt":"2014-08-25T05:00:00","guid":{"rendered":""},"modified":"2014-08-25T05:00:00","modified_gmt":"2014-08-25T05:00:00","slug":"sede-regional-de-salud-de-panama-norte-sera-una-realidad","status":"publish","type":"post","link":"https:\/\/sertv.gob.pa\/nacionalfm\/sede-regional-de-salud-de-panama-norte-sera-una-realidad\/","title":{"rendered":"Sede regional de salud de Panam\u00e1 norte ser\u00e1 una realidad"},"content":{"rendered":"<p>\nEl ministro de Salud, Javier Terrientes, dio a conocer que la sede regional de salud de Panam\u00e1 norte, \u00e1rea comprendida por Chilibre, Alcalde D\u00edaz y Las Cumbres, tendr\u00e1 un costo de $4.6 millones. <\/p>\n<p>El funcionario se\u00f1al\u00f3 que espera que para este a\u00f1o se comience con \u00a0la construcci\u00f3n de la obra. <\/p>\n<p>Adelant\u00f3 que ya est\u00e1 en marcha el proyecto que permitir\u00e1 la construcci\u00f3n de un hospital de 90 camas para esa zona, a un costo de $29 millones. <\/p>\n<p>A\u00f1adi\u00f3, asimismo, que las obras de salud que se adelantan en el sector no se abandonar\u00e1n, por lo que tienen programado mejoras en esas infraestructuras. <\/p>\n<p>En Panam\u00e1 norte viven alrededor de 177 mil personas, seg\u00fan la Contralor\u00eda.\u00a0 @nacionalFm <\/p>\n","protected":false},"excerpt":{"rendered":"<p>El ministro de Salud, Javier Terrientes, dio a conocer que <a href=\"https:\/\/sertv.gob.pa\/nacionalfm\/sede-regional-de-salud-de-panama-norte-sera-una-realidad\/\"> [&#8230;]<\/a><\/p>\n","protected":false},"author":1,"featured_media":1224,"comment_status":"closed","ping_status":"closed","sticky":false,"template":"","format":"standard","meta":{"footnotes":""},"categories":[5],"tags":[],"class_list":["post-1223","post","type-post","status-publish","format-standard","has-post-thumbnail","hentry","category-salud"],"_links":{"self":[{"href":"https:\/\/sertv.gob.pa\/nacionalfm\/wp-json\/wp\/v2\/posts\/1223","targetHints":{"allow":["GET"]}}],"collection":[{"href":"https:\/\/sertv.gob.pa\/nacionalfm\/wp-json\/wp\/v2\/posts"}],"about":[{"href":"https:\/\/sertv.gob.pa\/nacionalfm\/wp-json\/wp\/v2\/types\/post"}],"author":[{"embeddable":true,"href":"https:\/\/sertv.gob.pa\/nacionalfm\/wp-json\/wp\/v2\/users\/1"}],"replies":[{"embeddable":true,"href":"https:\/\/sertv.gob.pa\/nacionalfm\/wp-json\/wp\/v2\/comments?post=1223"}],"version-history":[{"count":0,"href":"https:\/\/sertv.gob.pa\/nacionalfm\/wp-json\/wp\/v2\/posts\/1223\/revisions"}],"wp:featuredmedia":[{"embeddable":true,"href":"https:\/\/sertv.gob.pa\/nacionalfm\/wp-json\/wp\/v2\/media\/1224"}],"wp:attachment":[{"href":"https:\/\/sertv.gob.pa\/nacionalfm\/wp-json\/wp\/v2\/media?parent=1223"}],"wp:term":[{"taxonomy":"category","embeddable":true,"href":"https:\/\/sertv.gob.pa\/nacionalfm\/wp-json\/wp\/v2\/categories?post=1223"},{"taxonomy":"post_tag","embeddable":true,"href":"https:\/\/sertv.gob.pa\/nacionalfm\/wp-json\/wp\/v2\/tags?post=1223"}],"curies":[{"name":"wp","href":"https:\/\/api.w.org\/{rel}","templated":true}]}}