{"id":12232,"date":"2016-04-25T16:23:16","date_gmt":"2016-04-25T16:23:16","guid":{"rendered":""},"modified":"2016-04-25T16:23:16","modified_gmt":"2016-04-25T16:23:16","slug":"las-vacunas-y-su-gran-valor","status":"publish","type":"post","link":"https:\/\/sertv.gob.pa\/nacionalfm\/las-vacunas-y-su-gran-valor\/","title":{"rendered":"Las vacunas y su gran valor"},"content":{"rendered":"<p>\nLas vacunas son consideradas la medida de salud p\u00fablica m\u00e1s efectiva y de menos costo para prevenir enfermedades y muertes, han reiterado organismos internacionales de salud. <\/p>\n<p> Hasta el 30 de abril se celebra la decimocuarta versi\u00f3n de la Semana de Vacunaci\u00f3n de las Am\u00e9ricas , una iniciativa que se conmemora cada a\u00f1o desde 2003, con el respaldo de la Organizaci\u00f3n Panamericana de la Salud (OPS). <\/p>\n<p>\u00bfQu\u00e9 son las vacunas? Son preparados biol\u00f3gicos que inducen inmunidad activa y capacidad preventiva contra una enfermedad infecciosa, recuerda el m\u00e9dico Xavier S\u00e1ez-Llorens, jefe de Infectolog\u00eda del Hospital del Ni\u00f1o. <\/p>\n<p>En Panam\u00e1 se cuenta con 23 vacunas contra 30 enfermedades, afirma Itzel de Hewitt, coordinadora general del Programa Ampliado de Inmunizaciones del Ministerio de Salud (Minsa). <\/p>\n<p>Para conmemorar esta semana, en el pa\u00eds se efectuar\u00e1n jornadas de vacunaci\u00f3n en diferentes puntos. <\/p>\n<p>De Hewitt adelanta que esperan vacunar entre 145 mil y 150 mil personas, que incluyen a ni\u00f1os, embarazadas, adultos mayores y pacientes con enfermedades cr\u00f3nicas. <\/p>\n<p>Adem\u00e1s, quieren llevar la vacuna del papiloma por lo menos a 10 mil ni\u00f1os, indica. <\/p>\n<p>Las vacunas refuerzan el sistema inmune y ayudan a combatir m\u00e1s de 20 enfermedades prevenibles diferentes, reitera la Organizaci\u00f3n Panamericana de la Salud (OPS). <\/p>\n<p>Hay personas que no conocen bien el funcionamiento de las vacunas e incluso algunos prefieren no vacunarse al pensar que si lo hacen se van a enfermar, comentan conocedores del tema. <\/p>\n<p>En el marco de la celebraci\u00f3n de la decimocuarta versi\u00f3n de la  Semana de la Vacunaci\u00f3n de las Am\u00e9ricas , en Panam\u00e1 se llevar\u00e1 a cabo una  jornada de vacunaci\u00f3n en todo el pa\u00eds,  sobre todo en los distritos y corregimientos con bajas coberturas, seg\u00fan estratificaci\u00f3n de riesgos, como las \u00e1reas de dif\u00edcil acceso, ind\u00edgenas, con alta desnutrici\u00f3n, analfabetismo, bajas coberturas de vacunaci\u00f3n, poblaci\u00f3n urbano marginal y migrantes, han comunicado las entidades de salud. <\/p>\n<p>\u00a0 <\/p>\n<p>\u00a0 <\/p>\n","protected":false},"excerpt":{"rendered":"<p>Las vacunas son consideradas la medida de salud p\u00fablica m\u00e1s <a href=\"https:\/\/sertv.gob.pa\/nacionalfm\/las-vacunas-y-su-gran-valor\/\"> [&#8230;]<\/a><\/p>\n","protected":false},"author":1,"featured_media":12233,"comment_status":"closed","ping_status":"closed","sticky":false,"template":"","format":"standard","meta":{"footnotes":""},"categories":[5],"tags":[],"class_list":["post-12232","post","type-post","status-publish","format-standard","has-post-thumbnail","hentry","category-salud"],"_links":{"self":[{"href":"https:\/\/sertv.gob.pa\/nacionalfm\/wp-json\/wp\/v2\/posts\/12232","targetHints":{"allow":["GET"]}}],"collection":[{"href":"https:\/\/sertv.gob.pa\/nacionalfm\/wp-json\/wp\/v2\/posts"}],"about":[{"href":"https:\/\/sertv.gob.pa\/nacionalfm\/wp-json\/wp\/v2\/types\/post"}],"author":[{"embeddable":true,"href":"https:\/\/sertv.gob.pa\/nacionalfm\/wp-json\/wp\/v2\/users\/1"}],"replies":[{"embeddable":true,"href":"https:\/\/sertv.gob.pa\/nacionalfm\/wp-json\/wp\/v2\/comments?post=12232"}],"version-history":[{"count":0,"href":"https:\/\/sertv.gob.pa\/nacionalfm\/wp-json\/wp\/v2\/posts\/12232\/revisions"}],"wp:featuredmedia":[{"embeddable":true,"href":"https:\/\/sertv.gob.pa\/nacionalfm\/wp-json\/wp\/v2\/media\/12233"}],"wp:attachment":[{"href":"https:\/\/sertv.gob.pa\/nacionalfm\/wp-json\/wp\/v2\/media?parent=12232"}],"wp:term":[{"taxonomy":"category","embeddable":true,"href":"https:\/\/sertv.gob.pa\/nacionalfm\/wp-json\/wp\/v2\/categories?post=12232"},{"taxonomy":"post_tag","embeddable":true,"href":"https:\/\/sertv.gob.pa\/nacionalfm\/wp-json\/wp\/v2\/tags?post=12232"}],"curies":[{"name":"wp","href":"https:\/\/api.w.org\/{rel}","templated":true}]}}