{"id":12234,"date":"2016-04-25T16:31:49","date_gmt":"2016-04-25T16:31:49","guid":{"rendered":""},"modified":"2016-04-25T16:31:49","modified_gmt":"2016-04-25T16:31:49","slug":"el-zika-esta-perdiendo-terreno-en-brasil-segun-oms","status":"publish","type":"post","link":"https:\/\/sertv.gob.pa\/nacionalfm\/el-zika-esta-perdiendo-terreno-en-brasil-segun-oms\/","title":{"rendered":"El zika est\u00e1 perdiendo terreno en Brasil, seg\u00fan OMS"},"content":{"rendered":"<p>\nEl  virus del zika \u00a0est\u00e1 &ldquo;claramente&rdquo; perdiendo terreno en  Brasil , estim\u00f3 este lunes una alta funcionaria de la Organizaci\u00f3n Mundial de la Salud (OMS), un retroceso probablemente debido al fin del verano. <\/p>\n<p>\u00a0&ldquo;La epidemia est\u00e1 claramente en fase descendente en Brasil&rdquo;, manifest\u00f3 Marie-Paule Kieny, subdirectora general de la OMS, en una conferencia de prensa dada en Par\u00eds. &ldquo;Es igualmente el caso en  Colombia \u00a0y en Cabo Verde&rdquo;, a\u00f1adi\u00f3. <\/p>\n<p>No obstante, acot\u00f3 que es imposible por el momento saber si habr\u00e1 una reactivaci\u00f3n del virus en el futuro. <\/p>\n<p>En Brasil se han registrado 1.5 millones de casos de zika y el virus se ha extendido a muchos pa\u00edses de Am\u00e9rica Latina. <\/p>\n<p>Kieny hab\u00eda indicado antes que el virus del  zika  podr\u00eda extenderse a otras zonas del mundo, como Europa. <\/p>\n<p>Respecto al riesgo de propagaci\u00f3n de la enfermedad a \u00c1frica, explic\u00f3 que &ldquo;hasta ahora no hay certezas&rdquo;. <\/p>\n<p>&ldquo;El virus, y por tanto la epidemia, podr\u00eda propagarse en todos los lugares en los que existe el vector\u00bb, dijo, por lo que \u00abse organiza actualmente una red de vigilancia\u00bb en  \u00c1frica . <\/p>\n<p>Unos 600 cient\u00edficos participan el lunes y el martes en el Instituto Pasteur de Par\u00eds en un coloquio internacional sobre el virus del zika. <\/p>\n<p>\u00a0 <\/p>\n<p>\u00a0 <\/p>\n","protected":false},"excerpt":{"rendered":"<p>El virus del zika \u00a0est\u00e1 &ldquo;claramente&rdquo; perdiendo terreno en Brasil <a href=\"https:\/\/sertv.gob.pa\/nacionalfm\/el-zika-esta-perdiendo-terreno-en-brasil-segun-oms\/\"> [&#8230;]<\/a><\/p>\n","protected":false},"author":1,"featured_media":12235,"comment_status":"closed","ping_status":"closed","sticky":false,"template":"","format":"standard","meta":{"footnotes":""},"categories":[5],"tags":[],"class_list":["post-12234","post","type-post","status-publish","format-standard","has-post-thumbnail","hentry","category-salud"],"_links":{"self":[{"href":"https:\/\/sertv.gob.pa\/nacionalfm\/wp-json\/wp\/v2\/posts\/12234","targetHints":{"allow":["GET"]}}],"collection":[{"href":"https:\/\/sertv.gob.pa\/nacionalfm\/wp-json\/wp\/v2\/posts"}],"about":[{"href":"https:\/\/sertv.gob.pa\/nacionalfm\/wp-json\/wp\/v2\/types\/post"}],"author":[{"embeddable":true,"href":"https:\/\/sertv.gob.pa\/nacionalfm\/wp-json\/wp\/v2\/users\/1"}],"replies":[{"embeddable":true,"href":"https:\/\/sertv.gob.pa\/nacionalfm\/wp-json\/wp\/v2\/comments?post=12234"}],"version-history":[{"count":0,"href":"https:\/\/sertv.gob.pa\/nacionalfm\/wp-json\/wp\/v2\/posts\/12234\/revisions"}],"wp:featuredmedia":[{"embeddable":true,"href":"https:\/\/sertv.gob.pa\/nacionalfm\/wp-json\/wp\/v2\/media\/12235"}],"wp:attachment":[{"href":"https:\/\/sertv.gob.pa\/nacionalfm\/wp-json\/wp\/v2\/media?parent=12234"}],"wp:term":[{"taxonomy":"category","embeddable":true,"href":"https:\/\/sertv.gob.pa\/nacionalfm\/wp-json\/wp\/v2\/categories?post=12234"},{"taxonomy":"post_tag","embeddable":true,"href":"https:\/\/sertv.gob.pa\/nacionalfm\/wp-json\/wp\/v2\/tags?post=12234"}],"curies":[{"name":"wp","href":"https:\/\/api.w.org\/{rel}","templated":true}]}}