{"id":12252,"date":"2016-04-26T15:17:34","date_gmt":"2016-04-26T15:17:34","guid":{"rendered":""},"modified":"2016-04-26T15:17:34","modified_gmt":"2016-04-26T15:17:34","slug":"isabella-amada-a-juegos-olimpicos-de-rio-por-invitacion","status":"publish","type":"post","link":"https:\/\/sertv.gob.pa\/nacionalfm\/isabella-amada-a-juegos-olimpicos-de-rio-por-invitacion\/","title":{"rendered":"Isabella Amada a Juegos Ol\u00edmpicos de R\u00edo por Invitaci\u00f3n"},"content":{"rendered":"<p>\n La gimnasta paname\u00f1a Isabella Amado participar\u00e1 por el \u00fanico cupo de invitaci\u00f3n en los pr\u00f3ximos Juegos Ol\u00edmpicos de R\u00edo 2016, seg\u00fan comunicaci\u00f3n oficial del Comit\u00e9 Ol\u00edmpico Internacional enviada al Comit\u00e9 Ol\u00edmpico de Panam\u00e1.  <\/p>\n<p> Para llegar a\u00a0 este\u00a0 punto la comisi\u00f3n formada por el COI,\u00a0 la \u00a0Asociaci\u00f3n de Comit\u00e9s Ol\u00edmpicos Nacionales ACNO, y la Asociaci\u00f3n de Federaciones Internacionales de Deportes del Programa de\u00a0 Verano ASOIF , sometieron \u00a0la actuaci\u00f3n de Amado a\u00a0 todos sus criterios.   <\/p>\n<p> Dentro de los criterios de la Comisi\u00f3n Tripartita\u00a0 destacan la habilidad t\u00e9cnica, \u00a0\u00a0y m\u00e9rito deportivos en la etapa clasificatoria.\u00a0 Amado fue\u00a0 una de las 6 atletas \u00a0\u00a0que \u00a0\u00a0la comisi\u00f3n\u00a0 T\u00e9cnica del \u00a0COP recomend\u00f3 para estos\u00a0 cupos.\u00a0 \u00a0  <\/p>\n<p> La gimnasta\u00a0 ha ganado medallas de oro en Copa del Mundo,\u00a0 y\u00a0 juegos regionales y\u00a0\u00a0 su actualidad\u00a0 confirma que\u00a0 \u00a0competir\u00e1 por haber clasificado \u00a0en el mes de mayo en los campeonatos\u00a0 nacionales de gimnasia de los Estados Unidos.\u00a0  <\/p>\n","protected":false},"excerpt":{"rendered":"<p>La gimnasta paname\u00f1a Isabella Amado participar\u00e1 por el \u00fanico cupo <a href=\"https:\/\/sertv.gob.pa\/nacionalfm\/isabella-amada-a-juegos-olimpicos-de-rio-por-invitacion\/\"> [&#8230;]<\/a><\/p>\n","protected":false},"author":1,"featured_media":12253,"comment_status":"closed","ping_status":"closed","sticky":false,"template":"","format":"standard","meta":{"footnotes":""},"categories":[4],"tags":[],"class_list":["post-12252","post","type-post","status-publish","format-standard","has-post-thumbnail","hentry","category-deportes"],"_links":{"self":[{"href":"https:\/\/sertv.gob.pa\/nacionalfm\/wp-json\/wp\/v2\/posts\/12252","targetHints":{"allow":["GET"]}}],"collection":[{"href":"https:\/\/sertv.gob.pa\/nacionalfm\/wp-json\/wp\/v2\/posts"}],"about":[{"href":"https:\/\/sertv.gob.pa\/nacionalfm\/wp-json\/wp\/v2\/types\/post"}],"author":[{"embeddable":true,"href":"https:\/\/sertv.gob.pa\/nacionalfm\/wp-json\/wp\/v2\/users\/1"}],"replies":[{"embeddable":true,"href":"https:\/\/sertv.gob.pa\/nacionalfm\/wp-json\/wp\/v2\/comments?post=12252"}],"version-history":[{"count":0,"href":"https:\/\/sertv.gob.pa\/nacionalfm\/wp-json\/wp\/v2\/posts\/12252\/revisions"}],"wp:featuredmedia":[{"embeddable":true,"href":"https:\/\/sertv.gob.pa\/nacionalfm\/wp-json\/wp\/v2\/media\/12253"}],"wp:attachment":[{"href":"https:\/\/sertv.gob.pa\/nacionalfm\/wp-json\/wp\/v2\/media?parent=12252"}],"wp:term":[{"taxonomy":"category","embeddable":true,"href":"https:\/\/sertv.gob.pa\/nacionalfm\/wp-json\/wp\/v2\/categories?post=12252"},{"taxonomy":"post_tag","embeddable":true,"href":"https:\/\/sertv.gob.pa\/nacionalfm\/wp-json\/wp\/v2\/tags?post=12252"}],"curies":[{"name":"wp","href":"https:\/\/api.w.org\/{rel}","templated":true}]}}