{"id":12260,"date":"2016-04-26T16:02:55","date_gmt":"2016-04-26T16:02:55","guid":{"rendered":""},"modified":"2016-04-26T16:02:55","modified_gmt":"2016-04-26T16:02:55","slug":"incrementan-obras-para-instalaciones-deportivas-en-chorrera","status":"publish","type":"post","link":"https:\/\/sertv.gob.pa\/nacionalfm\/incrementan-obras-para-instalaciones-deportivas-en-chorrera\/","title":{"rendered":"Incrementan obras para instalaciones deportivas en Chorrera"},"content":{"rendered":"<p>\nEl presidente de la Rep\u00fablica, Juan Carlos Varela Rodr\u00edguez y el director general del Instituto Paname\u00f1o de Deportes (PANDEPORTES), \u00a0Roberto Arango, entregaron este lunes dos \u00d3rdenes de\u00a0 Proceder de importantes obras, con el fin de desarrollar deportivamente a la provincia de Panam\u00e1 Oeste. <\/p>\n<p>En primera instancia,\u00a0 se entreg\u00f3 la Orden de Proceder para el &ldquo;Estudio, Desarrollo de Planos y Construcci\u00f3n de un Parque Recreativo Infantil, Cancha de F\u00fatbol con Grama Sint\u00e9tica y Mejoramiento de la Cancha de Baloncesto de la Plaza 28 de Noviembre, en el corregimiento de\u00a0 Barrio Col\u00f3n, distrito de la Chorrera&rdquo;. <\/p>\n<p>Igualmente, se entreg\u00f3 Orden de Proceder para el proyecto denominado &ldquo;Suministro, Remoci\u00f3n, Instalaci\u00f3n y Mantenimiento por 4 a\u00f1os de la Grama Sint\u00e9tica del Estadio Agust\u00edn &ldquo;Muquita&rdquo; S\u00e1nchez de La Chorrera y la Remoci\u00f3n \u00a0e Instalaci\u00f3n de la Cerca Perimetral tanto Externa como Interna del Estadio&rdquo;. <\/p>\n","protected":false},"excerpt":{"rendered":"<p>El presidente de la Rep\u00fablica, Juan Carlos Varela Rodr\u00edguez y <a href=\"https:\/\/sertv.gob.pa\/nacionalfm\/incrementan-obras-para-instalaciones-deportivas-en-chorrera\/\"> [&#8230;]<\/a><\/p>\n","protected":false},"author":1,"featured_media":12261,"comment_status":"closed","ping_status":"closed","sticky":false,"template":"","format":"standard","meta":{"footnotes":""},"categories":[4],"tags":[],"class_list":["post-12260","post","type-post","status-publish","format-standard","has-post-thumbnail","hentry","category-deportes"],"_links":{"self":[{"href":"https:\/\/sertv.gob.pa\/nacionalfm\/wp-json\/wp\/v2\/posts\/12260","targetHints":{"allow":["GET"]}}],"collection":[{"href":"https:\/\/sertv.gob.pa\/nacionalfm\/wp-json\/wp\/v2\/posts"}],"about":[{"href":"https:\/\/sertv.gob.pa\/nacionalfm\/wp-json\/wp\/v2\/types\/post"}],"author":[{"embeddable":true,"href":"https:\/\/sertv.gob.pa\/nacionalfm\/wp-json\/wp\/v2\/users\/1"}],"replies":[{"embeddable":true,"href":"https:\/\/sertv.gob.pa\/nacionalfm\/wp-json\/wp\/v2\/comments?post=12260"}],"version-history":[{"count":0,"href":"https:\/\/sertv.gob.pa\/nacionalfm\/wp-json\/wp\/v2\/posts\/12260\/revisions"}],"wp:featuredmedia":[{"embeddable":true,"href":"https:\/\/sertv.gob.pa\/nacionalfm\/wp-json\/wp\/v2\/media\/12261"}],"wp:attachment":[{"href":"https:\/\/sertv.gob.pa\/nacionalfm\/wp-json\/wp\/v2\/media?parent=12260"}],"wp:term":[{"taxonomy":"category","embeddable":true,"href":"https:\/\/sertv.gob.pa\/nacionalfm\/wp-json\/wp\/v2\/categories?post=12260"},{"taxonomy":"post_tag","embeddable":true,"href":"https:\/\/sertv.gob.pa\/nacionalfm\/wp-json\/wp\/v2\/tags?post=12260"}],"curies":[{"name":"wp","href":"https:\/\/api.w.org\/{rel}","templated":true}]}}