{"id":12262,"date":"2016-04-26T16:14:45","date_gmt":"2016-04-26T16:14:45","guid":{"rendered":""},"modified":"2016-04-26T16:14:45","modified_gmt":"2016-04-26T16:14:45","slug":"inician-operacion-sonrisa-en-chiriqui","status":"publish","type":"post","link":"https:\/\/sertv.gob.pa\/nacionalfm\/inician-operacion-sonrisa-en-chiriqui\/","title":{"rendered":"Inician Operaci\u00f3n Sonrisa en Chiriqu\u00ed"},"content":{"rendered":"<p>\nEl lunes empez\u00f3 en el hospital Jos\u00e9 Domingo de Obald\u00eda el programa Operaci\u00f3n Sonrisa, donde ser\u00e1n intervenidos quir\u00fargicamente 360 ni\u00f1os con problemas de labio y paladar hendido, dedos pegado de manos y pies, y cirug\u00edas reconstructivas. <\/p>\n<p>Los pacientes proceden de todo el pa\u00eds y actualmente est\u00e1n ubicados en albergues en la Feria Internacional en David, de donde son evaluados y trasladados al centro hospitalario.<br \/>\n\u00a0<br \/>\nEl cardenal, Jos\u00e9 Luis Lacunza visit\u00f3 el albergue, junto a miembros de la organizaci\u00f3n. <\/p>\n<p>Las intervenciones ya se iniciaron y se extienden hasta el pr\u00f3ximo viernes.<br \/>\n\u00a0 <\/p>\n","protected":false},"excerpt":{"rendered":"<p>El lunes empez\u00f3 en el hospital Jos\u00e9 Domingo de Obald\u00eda <a href=\"https:\/\/sertv.gob.pa\/nacionalfm\/inician-operacion-sonrisa-en-chiriqui\/\"> [&#8230;]<\/a><\/p>\n","protected":false},"author":1,"featured_media":12263,"comment_status":"closed","ping_status":"closed","sticky":false,"template":"","format":"standard","meta":{"footnotes":""},"categories":[5],"tags":[],"class_list":["post-12262","post","type-post","status-publish","format-standard","has-post-thumbnail","hentry","category-salud"],"_links":{"self":[{"href":"https:\/\/sertv.gob.pa\/nacionalfm\/wp-json\/wp\/v2\/posts\/12262","targetHints":{"allow":["GET"]}}],"collection":[{"href":"https:\/\/sertv.gob.pa\/nacionalfm\/wp-json\/wp\/v2\/posts"}],"about":[{"href":"https:\/\/sertv.gob.pa\/nacionalfm\/wp-json\/wp\/v2\/types\/post"}],"author":[{"embeddable":true,"href":"https:\/\/sertv.gob.pa\/nacionalfm\/wp-json\/wp\/v2\/users\/1"}],"replies":[{"embeddable":true,"href":"https:\/\/sertv.gob.pa\/nacionalfm\/wp-json\/wp\/v2\/comments?post=12262"}],"version-history":[{"count":0,"href":"https:\/\/sertv.gob.pa\/nacionalfm\/wp-json\/wp\/v2\/posts\/12262\/revisions"}],"wp:featuredmedia":[{"embeddable":true,"href":"https:\/\/sertv.gob.pa\/nacionalfm\/wp-json\/wp\/v2\/media\/12263"}],"wp:attachment":[{"href":"https:\/\/sertv.gob.pa\/nacionalfm\/wp-json\/wp\/v2\/media?parent=12262"}],"wp:term":[{"taxonomy":"category","embeddable":true,"href":"https:\/\/sertv.gob.pa\/nacionalfm\/wp-json\/wp\/v2\/categories?post=12262"},{"taxonomy":"post_tag","embeddable":true,"href":"https:\/\/sertv.gob.pa\/nacionalfm\/wp-json\/wp\/v2\/tags?post=12262"}],"curies":[{"name":"wp","href":"https:\/\/api.w.org\/{rel}","templated":true}]}}