{"id":1227,"date":"2014-08-25T05:00:00","date_gmt":"2014-08-25T05:00:00","guid":{"rendered":""},"modified":"2014-08-25T05:00:00","modified_gmt":"2014-08-25T05:00:00","slug":"presos-solicitan-ir-a-casa-por-problemas-de-salud","status":"publish","type":"post","link":"https:\/\/sertv.gob.pa\/nacionalfm\/presos-solicitan-ir-a-casa-por-problemas-de-salud\/","title":{"rendered":"Presos solicitan ir a casa por problemas de salud"},"content":{"rendered":"<p>\nCerca de 25 solicitudes de dep\u00f3sitos domiciliarios son tramitadas por la Direcci\u00f3n del Sistema Penitenciario Nacional, presentadas en su mayor\u00eda por reos enfermos con VIH\/sida (128 afectados), hipertensi\u00f3n cr\u00f3nica (643) \u00a0y tuberculosis (41). <\/p>\n<p>Actualmente, 43 reclusos han sido beneficiados por esta clase de medida, tras de que el Instituto de Medicina Legal y Ciencias Forenses determinara que sus padecimientos no pueden ser tratados en prisi\u00f3n. <\/p>\n<p>El director de la entidad, Gabriel Pinz\u00f3n, reconoci\u00f3 que en las c\u00e1rceles del pa\u00eds hay carencias en materia de salud. &ldquo;Visitamos los penales para conocer su estado e ir desarrollando los planes de trabajo a corto, mediano y largo plazo&rdquo;, expres\u00f3. <\/p>\n<p>Como paliativo, las autoridades han activado lo que se conoce como brigadas de salud, integradas por reclusos que ayudan a sus compa\u00f1eros enfermos. @nacionalFm <\/p>\n<p>\u00a0 <\/p>\n","protected":false},"excerpt":{"rendered":"<p>Cerca de 25 solicitudes de dep\u00f3sitos domiciliarios son tramitadas por <a href=\"https:\/\/sertv.gob.pa\/nacionalfm\/presos-solicitan-ir-a-casa-por-problemas-de-salud\/\"> [&#8230;]<\/a><\/p>\n","protected":false},"author":1,"featured_media":1228,"comment_status":"closed","ping_status":"closed","sticky":false,"template":"","format":"standard","meta":{"footnotes":""},"categories":[5],"tags":[],"class_list":["post-1227","post","type-post","status-publish","format-standard","has-post-thumbnail","hentry","category-salud"],"_links":{"self":[{"href":"https:\/\/sertv.gob.pa\/nacionalfm\/wp-json\/wp\/v2\/posts\/1227","targetHints":{"allow":["GET"]}}],"collection":[{"href":"https:\/\/sertv.gob.pa\/nacionalfm\/wp-json\/wp\/v2\/posts"}],"about":[{"href":"https:\/\/sertv.gob.pa\/nacionalfm\/wp-json\/wp\/v2\/types\/post"}],"author":[{"embeddable":true,"href":"https:\/\/sertv.gob.pa\/nacionalfm\/wp-json\/wp\/v2\/users\/1"}],"replies":[{"embeddable":true,"href":"https:\/\/sertv.gob.pa\/nacionalfm\/wp-json\/wp\/v2\/comments?post=1227"}],"version-history":[{"count":0,"href":"https:\/\/sertv.gob.pa\/nacionalfm\/wp-json\/wp\/v2\/posts\/1227\/revisions"}],"wp:featuredmedia":[{"embeddable":true,"href":"https:\/\/sertv.gob.pa\/nacionalfm\/wp-json\/wp\/v2\/media\/1228"}],"wp:attachment":[{"href":"https:\/\/sertv.gob.pa\/nacionalfm\/wp-json\/wp\/v2\/media?parent=1227"}],"wp:term":[{"taxonomy":"category","embeddable":true,"href":"https:\/\/sertv.gob.pa\/nacionalfm\/wp-json\/wp\/v2\/categories?post=1227"},{"taxonomy":"post_tag","embeddable":true,"href":"https:\/\/sertv.gob.pa\/nacionalfm\/wp-json\/wp\/v2\/tags?post=1227"}],"curies":[{"name":"wp","href":"https:\/\/api.w.org\/{rel}","templated":true}]}}