{"id":12276,"date":"2016-04-26T17:40:24","date_gmt":"2016-04-26T17:40:24","guid":{"rendered":""},"modified":"2016-04-26T17:40:24","modified_gmt":"2016-04-26T17:40:24","slug":"sor-ruvinsai-y-el-nahual-zarza-entrenan-en-el-roquero-alcazar","status":"publish","type":"post","link":"https:\/\/sertv.gob.pa\/nacionalfm\/sor-ruvinsai-y-el-nahual-zarza-entrenan-en-el-roquero-alcazar\/","title":{"rendered":"Sor Ruvinsai y \u201cEl Nahual\u201d Zarza entrenan en el \u201cRoquero\u201d Alc\u00e1zar"},"content":{"rendered":"<p>\nLos rivales de Anselmo &ldquo;Chemito&rdquo; Romero y Alberto &ldquo;Metralleta&rdquo; Mosquera, el tailand\u00e9s Suryan Sor Ruvinsai y el argentino Bryan Nahual Zarza empezaron sus entrenamientos en el Gimnasio Pedro &ldquo;Roquero&rdquo; Alc\u00e1zar de Curund\u00fa. <\/p>\n<p>Suriyan Sor Ruvinsai disputar\u00e1 el t\u00edtulo Plata de los gallos del Consejo Mundial de Boxeo al paname\u00f1o Anselmo &ldquo;Chemito&rdquo; Moreno, en tanto que &ldquo;El Nahual&rdquo; Zarza se mide al local Alberto &ldquo;Metralleta&rdquo; Mosquera por el t\u00edtulo FEDELATIN superligero de la Asociaci\u00f3n Mundial de Boxeo, este s\u00e1bado 30 de abril en la Arena Roberto Dur\u00e1n. <\/p>\n<p>\u00a0 <\/p>\n","protected":false},"excerpt":{"rendered":"<p>Los rivales de Anselmo &ldquo;Chemito&rdquo; Romero y Alberto &ldquo;Metralleta&rdquo; Mosquera, <a href=\"https:\/\/sertv.gob.pa\/nacionalfm\/sor-ruvinsai-y-el-nahual-zarza-entrenan-en-el-roquero-alcazar\/\"> [&#8230;]<\/a><\/p>\n","protected":false},"author":1,"featured_media":12277,"comment_status":"closed","ping_status":"closed","sticky":false,"template":"","format":"standard","meta":{"footnotes":""},"categories":[4],"tags":[],"class_list":["post-12276","post","type-post","status-publish","format-standard","has-post-thumbnail","hentry","category-deportes"],"_links":{"self":[{"href":"https:\/\/sertv.gob.pa\/nacionalfm\/wp-json\/wp\/v2\/posts\/12276","targetHints":{"allow":["GET"]}}],"collection":[{"href":"https:\/\/sertv.gob.pa\/nacionalfm\/wp-json\/wp\/v2\/posts"}],"about":[{"href":"https:\/\/sertv.gob.pa\/nacionalfm\/wp-json\/wp\/v2\/types\/post"}],"author":[{"embeddable":true,"href":"https:\/\/sertv.gob.pa\/nacionalfm\/wp-json\/wp\/v2\/users\/1"}],"replies":[{"embeddable":true,"href":"https:\/\/sertv.gob.pa\/nacionalfm\/wp-json\/wp\/v2\/comments?post=12276"}],"version-history":[{"count":0,"href":"https:\/\/sertv.gob.pa\/nacionalfm\/wp-json\/wp\/v2\/posts\/12276\/revisions"}],"wp:featuredmedia":[{"embeddable":true,"href":"https:\/\/sertv.gob.pa\/nacionalfm\/wp-json\/wp\/v2\/media\/12277"}],"wp:attachment":[{"href":"https:\/\/sertv.gob.pa\/nacionalfm\/wp-json\/wp\/v2\/media?parent=12276"}],"wp:term":[{"taxonomy":"category","embeddable":true,"href":"https:\/\/sertv.gob.pa\/nacionalfm\/wp-json\/wp\/v2\/categories?post=12276"},{"taxonomy":"post_tag","embeddable":true,"href":"https:\/\/sertv.gob.pa\/nacionalfm\/wp-json\/wp\/v2\/tags?post=12276"}],"curies":[{"name":"wp","href":"https:\/\/api.w.org\/{rel}","templated":true}]}}