{"id":12284,"date":"2016-04-26T20:38:17","date_gmt":"2016-04-26T20:38:17","guid":{"rendered":""},"modified":"2016-04-26T20:38:17","modified_gmt":"2016-04-26T20:38:17","slug":"fepafutbol-suspende-a-melgar-y-a-gonzalez","status":"publish","type":"post","link":"https:\/\/sertv.gob.pa\/nacionalfm\/fepafutbol-suspende-a-melgar-y-a-gonzalez\/","title":{"rendered":"FEPAFUTBOL suspende a Melgar y a Gonz\u00e1lez"},"content":{"rendered":"<p>\n Los jugadores Kevin Melgar del Atl\u00e9tico Chiriqu\u00ed y Alexander Gonz\u00e1lez del CD Plaza Amador fueron sancionados por la Comisi\u00f3n Disciplinaria de la Federaci\u00f3n Paname\u00f1a de F\u00fatbol, por incidentes acaecidos en el Estadio San Crist\u00f3bal durante el partido de la jornada 14 del Torneo Clausura 2016 que disputaron ambos equipos.\u00a0  <\/p>\n<p> En el caso del guardameta Melgar, la Comisi\u00f3n Disciplinaria ha resuelto sancionarlo con 5 partidos de suspensi\u00f3n y una multa econ\u00f3mica de 400 d\u00f3lares, mientras que en el caso de Gonz\u00e1lez, la Comisi\u00f3n Disciplinaria ha decidido sancionar al jugador con 3 partidos de suspensi\u00f3n y una multa econ\u00f3mica de 400 d\u00f3lares. Es importante mencionar que los partidos de las jornadas 15 y 16 del Torneo Clausura 2016 en las que ambos jugadores estuvieron suspendidos provisionalmente se descontar\u00e1n de la sanci\u00f3n definitiva impuesta por la comisi\u00f3n.  <\/p>\n","protected":false},"excerpt":{"rendered":"<p>Los jugadores Kevin Melgar del Atl\u00e9tico Chiriqu\u00ed y Alexander Gonz\u00e1lez <a href=\"https:\/\/sertv.gob.pa\/nacionalfm\/fepafutbol-suspende-a-melgar-y-a-gonzalez\/\"> [&#8230;]<\/a><\/p>\n","protected":false},"author":1,"featured_media":12285,"comment_status":"closed","ping_status":"closed","sticky":false,"template":"","format":"standard","meta":{"footnotes":""},"categories":[4],"tags":[],"class_list":["post-12284","post","type-post","status-publish","format-standard","has-post-thumbnail","hentry","category-deportes"],"_links":{"self":[{"href":"https:\/\/sertv.gob.pa\/nacionalfm\/wp-json\/wp\/v2\/posts\/12284","targetHints":{"allow":["GET"]}}],"collection":[{"href":"https:\/\/sertv.gob.pa\/nacionalfm\/wp-json\/wp\/v2\/posts"}],"about":[{"href":"https:\/\/sertv.gob.pa\/nacionalfm\/wp-json\/wp\/v2\/types\/post"}],"author":[{"embeddable":true,"href":"https:\/\/sertv.gob.pa\/nacionalfm\/wp-json\/wp\/v2\/users\/1"}],"replies":[{"embeddable":true,"href":"https:\/\/sertv.gob.pa\/nacionalfm\/wp-json\/wp\/v2\/comments?post=12284"}],"version-history":[{"count":0,"href":"https:\/\/sertv.gob.pa\/nacionalfm\/wp-json\/wp\/v2\/posts\/12284\/revisions"}],"wp:featuredmedia":[{"embeddable":true,"href":"https:\/\/sertv.gob.pa\/nacionalfm\/wp-json\/wp\/v2\/media\/12285"}],"wp:attachment":[{"href":"https:\/\/sertv.gob.pa\/nacionalfm\/wp-json\/wp\/v2\/media?parent=12284"}],"wp:term":[{"taxonomy":"category","embeddable":true,"href":"https:\/\/sertv.gob.pa\/nacionalfm\/wp-json\/wp\/v2\/categories?post=12284"},{"taxonomy":"post_tag","embeddable":true,"href":"https:\/\/sertv.gob.pa\/nacionalfm\/wp-json\/wp\/v2\/tags?post=12284"}],"curies":[{"name":"wp","href":"https:\/\/api.w.org\/{rel}","templated":true}]}}