{"id":12286,"date":"2016-04-26T21:56:30","date_gmt":"2016-04-26T21:56:30","guid":{"rendered":""},"modified":"2016-04-26T21:56:30","modified_gmt":"2016-04-26T21:56:30","slug":"chepo-cae-al-sotano-en-la-lpf","status":"publish","type":"post","link":"https:\/\/sertv.gob.pa\/nacionalfm\/chepo-cae-al-sotano-en-la-lpf\/","title":{"rendered":"Chepo cae al s\u00f3tano en la LPF"},"content":{"rendered":"<p>\nEl Chepo FC cay\u00f3 al s\u00f3tano en la Liga Paname\u00f1a de F\u00fatbol que sigue en el comando el Atl\u00e9tico Nacional con 29 puntos, seguidos del Plaza Amador con 25, el Chorrillo con 23, el Tauro FC con 22 puntos, el \u00c1rabe Unido de Col\u00f3n con 21. <\/p>\n<p>Con 20 puntos se encuentran, el Alianza, San Francisco FC, Sporting San Miguelito y el Atl\u00e9tico Chiriqu\u00ed y como se manifestara al inicio del art\u00edculo el Chepo se encuentra por debajo con 18 puntos. <\/p>\n","protected":false},"excerpt":{"rendered":"<p>El Chepo FC cay\u00f3 al s\u00f3tano en la Liga Paname\u00f1a <a href=\"https:\/\/sertv.gob.pa\/nacionalfm\/chepo-cae-al-sotano-en-la-lpf\/\"> [&#8230;]<\/a><\/p>\n","protected":false},"author":1,"featured_media":12287,"comment_status":"closed","ping_status":"closed","sticky":false,"template":"","format":"standard","meta":{"footnotes":""},"categories":[4],"tags":[],"class_list":["post-12286","post","type-post","status-publish","format-standard","has-post-thumbnail","hentry","category-deportes"],"_links":{"self":[{"href":"https:\/\/sertv.gob.pa\/nacionalfm\/wp-json\/wp\/v2\/posts\/12286","targetHints":{"allow":["GET"]}}],"collection":[{"href":"https:\/\/sertv.gob.pa\/nacionalfm\/wp-json\/wp\/v2\/posts"}],"about":[{"href":"https:\/\/sertv.gob.pa\/nacionalfm\/wp-json\/wp\/v2\/types\/post"}],"author":[{"embeddable":true,"href":"https:\/\/sertv.gob.pa\/nacionalfm\/wp-json\/wp\/v2\/users\/1"}],"replies":[{"embeddable":true,"href":"https:\/\/sertv.gob.pa\/nacionalfm\/wp-json\/wp\/v2\/comments?post=12286"}],"version-history":[{"count":0,"href":"https:\/\/sertv.gob.pa\/nacionalfm\/wp-json\/wp\/v2\/posts\/12286\/revisions"}],"wp:featuredmedia":[{"embeddable":true,"href":"https:\/\/sertv.gob.pa\/nacionalfm\/wp-json\/wp\/v2\/media\/12287"}],"wp:attachment":[{"href":"https:\/\/sertv.gob.pa\/nacionalfm\/wp-json\/wp\/v2\/media?parent=12286"}],"wp:term":[{"taxonomy":"category","embeddable":true,"href":"https:\/\/sertv.gob.pa\/nacionalfm\/wp-json\/wp\/v2\/categories?post=12286"},{"taxonomy":"post_tag","embeddable":true,"href":"https:\/\/sertv.gob.pa\/nacionalfm\/wp-json\/wp\/v2\/tags?post=12286"}],"curies":[{"name":"wp","href":"https:\/\/api.w.org\/{rel}","templated":true}]}}