{"id":12298,"date":"2016-04-27T15:43:40","date_gmt":"2016-04-27T15:43:40","guid":{"rendered":""},"modified":"2016-04-27T15:43:40","modified_gmt":"2016-04-27T15:43:40","slug":"en-colombia-se-registran-casi-20-mil-casos-de-malaria","status":"publish","type":"post","link":"https:\/\/sertv.gob.pa\/nacionalfm\/en-colombia-se-registran-casi-20-mil-casos-de-malaria\/","title":{"rendered":"En Colombia se registran casi 20 mil casos de malaria"},"content":{"rendered":"<p>\nUnos 19,915 casos de malaria se han registrado en el oeste de Colombia en el primer trimestre del a\u00f1o, la mayor\u00eda en el departamento del Choc\u00f3, que reporta cerca de 18,524. <\/p>\n<p>Unas 30 muertes de ni\u00f1os y adultos entre el a\u00f1o pasado y este son a consecuencia de esta enfermedad. <\/p>\n<p>\u00a0 <\/p>\n","protected":false},"excerpt":{"rendered":"<p>Unos 19,915 casos de malaria se han registrado en el <a href=\"https:\/\/sertv.gob.pa\/nacionalfm\/en-colombia-se-registran-casi-20-mil-casos-de-malaria\/\"> [&#8230;]<\/a><\/p>\n","protected":false},"author":1,"featured_media":12299,"comment_status":"closed","ping_status":"closed","sticky":false,"template":"","format":"standard","meta":{"footnotes":""},"categories":[5],"tags":[],"class_list":["post-12298","post","type-post","status-publish","format-standard","has-post-thumbnail","hentry","category-salud"],"_links":{"self":[{"href":"https:\/\/sertv.gob.pa\/nacionalfm\/wp-json\/wp\/v2\/posts\/12298","targetHints":{"allow":["GET"]}}],"collection":[{"href":"https:\/\/sertv.gob.pa\/nacionalfm\/wp-json\/wp\/v2\/posts"}],"about":[{"href":"https:\/\/sertv.gob.pa\/nacionalfm\/wp-json\/wp\/v2\/types\/post"}],"author":[{"embeddable":true,"href":"https:\/\/sertv.gob.pa\/nacionalfm\/wp-json\/wp\/v2\/users\/1"}],"replies":[{"embeddable":true,"href":"https:\/\/sertv.gob.pa\/nacionalfm\/wp-json\/wp\/v2\/comments?post=12298"}],"version-history":[{"count":0,"href":"https:\/\/sertv.gob.pa\/nacionalfm\/wp-json\/wp\/v2\/posts\/12298\/revisions"}],"wp:featuredmedia":[{"embeddable":true,"href":"https:\/\/sertv.gob.pa\/nacionalfm\/wp-json\/wp\/v2\/media\/12299"}],"wp:attachment":[{"href":"https:\/\/sertv.gob.pa\/nacionalfm\/wp-json\/wp\/v2\/media?parent=12298"}],"wp:term":[{"taxonomy":"category","embeddable":true,"href":"https:\/\/sertv.gob.pa\/nacionalfm\/wp-json\/wp\/v2\/categories?post=12298"},{"taxonomy":"post_tag","embeddable":true,"href":"https:\/\/sertv.gob.pa\/nacionalfm\/wp-json\/wp\/v2\/tags?post=12298"}],"curies":[{"name":"wp","href":"https:\/\/api.w.org\/{rel}","templated":true}]}}