{"id":12304,"date":"2016-04-27T16:21:31","date_gmt":"2016-04-27T16:21:31","guid":{"rendered":""},"modified":"2016-04-27T16:21:31","modified_gmt":"2016-04-27T16:21:31","slug":"dia-internacional-de-conciencia-sobre-el-ruido","status":"publish","type":"post","link":"https:\/\/sertv.gob.pa\/nacionalfm\/dia-internacional-de-conciencia-sobre-el-ruido\/","title":{"rendered":"D\u00eda Internacional de Conciencia sobre el Ruido"},"content":{"rendered":"<p>\nResulta que organizaciones mundiales y locales conmemoran hoy 27 de abril el  D\u00eda Internacional de Conciencia sobre el Ruido , pidiendo a la poblaci\u00f3n guardar un minuto de silencio cuando las manecillas del reloj marquen las 2:15 p.m. <\/p>\n<p>As\u00ed lo solicita el  Center for Hearing and Communications de Estados Unidos , que impulsa este movimiento mundial desde hace 21 a\u00f1os, y la   Fundaci\u00f3n O\u00edr es Vivir  , que fomenta la iniciativa en Panam\u00e1 por quinto a\u00f1o consecutivo. <\/p>\n<p>Este minuto de silencio busca educar y elevar los niveles de conciencia respecto al da\u00f1o del ruido a la audici\u00f3n y a m\u00faltiples aspectos de la salud, explica Giovanna Troncoso, presidenta de la  Fundaci\u00f3n O\u00edr es Vivir . <\/p>\n<p>&ldquo;Guardar ese minuto de silencio tiene un tremendo impacto, porque nos desconecta del rodar continuo del d\u00eda, donde todo lo que hacemos produce ruido, y a la vez nos conecta con poder &#8216;  escuchar el silencio &#8216;. Por ir\u00f3nico que suene, escuchar el silencio es una rara oportunidad para todos, as\u00ed que lograr eso en el D\u00eda Internacional de Conciencia sobre el Ruido es un acto enorme para todos&rdquo;, sustenta. <\/p>\n<p>Durante ese minuto se invita a hacer silencio de diversas formas, ya sea dejando de caminar o de hablar, apagando aparatos como radio, televisi\u00f3n, tel\u00e9fonos, celulares y acondicionadores de aire, veh\u00edculos (tampoco tocar la bocina), no reproducir m\u00fasica, ni teclear en la computadora, entre otros, enumera Troncoso. <\/p>\n<p>&ldquo;Son tantas las cosas que producen ruido que para detenerlo durante ese minuto hay simplemente que abandonar lo que se est\u00e1 haciendo y detenerse. Es un sencillo acto que no cuesta nada, pero es de gran valor&rdquo;, recalca.\u00a0 <\/p>\n<p>\u00a0 <\/p>\n","protected":false},"excerpt":{"rendered":"<p>Resulta que organizaciones mundiales y locales conmemoran hoy 27 de <a href=\"https:\/\/sertv.gob.pa\/nacionalfm\/dia-internacional-de-conciencia-sobre-el-ruido\/\"> [&#8230;]<\/a><\/p>\n","protected":false},"author":1,"featured_media":12305,"comment_status":"closed","ping_status":"closed","sticky":false,"template":"","format":"standard","meta":{"footnotes":""},"categories":[5],"tags":[],"class_list":["post-12304","post","type-post","status-publish","format-standard","has-post-thumbnail","hentry","category-salud"],"_links":{"self":[{"href":"https:\/\/sertv.gob.pa\/nacionalfm\/wp-json\/wp\/v2\/posts\/12304","targetHints":{"allow":["GET"]}}],"collection":[{"href":"https:\/\/sertv.gob.pa\/nacionalfm\/wp-json\/wp\/v2\/posts"}],"about":[{"href":"https:\/\/sertv.gob.pa\/nacionalfm\/wp-json\/wp\/v2\/types\/post"}],"author":[{"embeddable":true,"href":"https:\/\/sertv.gob.pa\/nacionalfm\/wp-json\/wp\/v2\/users\/1"}],"replies":[{"embeddable":true,"href":"https:\/\/sertv.gob.pa\/nacionalfm\/wp-json\/wp\/v2\/comments?post=12304"}],"version-history":[{"count":0,"href":"https:\/\/sertv.gob.pa\/nacionalfm\/wp-json\/wp\/v2\/posts\/12304\/revisions"}],"wp:featuredmedia":[{"embeddable":true,"href":"https:\/\/sertv.gob.pa\/nacionalfm\/wp-json\/wp\/v2\/media\/12305"}],"wp:attachment":[{"href":"https:\/\/sertv.gob.pa\/nacionalfm\/wp-json\/wp\/v2\/media?parent=12304"}],"wp:term":[{"taxonomy":"category","embeddable":true,"href":"https:\/\/sertv.gob.pa\/nacionalfm\/wp-json\/wp\/v2\/categories?post=12304"},{"taxonomy":"post_tag","embeddable":true,"href":"https:\/\/sertv.gob.pa\/nacionalfm\/wp-json\/wp\/v2\/tags?post=12304"}],"curies":[{"name":"wp","href":"https:\/\/api.w.org\/{rel}","templated":true}]}}