{"id":12322,"date":"2016-04-28T14:45:48","date_gmt":"2016-04-28T14:45:48","guid":{"rendered":""},"modified":"2016-04-28T14:45:48","modified_gmt":"2016-04-28T14:45:48","slug":"vacunacion-de-las-americas-se-realiza-en-arraijan","status":"publish","type":"post","link":"https:\/\/sertv.gob.pa\/nacionalfm\/vacunacion-de-las-americas-se-realiza-en-arraijan\/","title":{"rendered":"\u201cVacunaci\u00f3n de las Am\u00e9ricas\u201d, se realiza en Arraij\u00e1n"},"content":{"rendered":"<p>\nLa Semana de Vacunaci\u00f3n de las Am\u00e9ricas, cuyo lema este a\u00f1o es:  &ldquo;Vayamos por el oro, Vac\u00fanate&rdquo;,  se inici\u00f3 en Arraij\u00e1n con un acto en que participaron la Dra. Lourdes Garc\u00eda, jefa nacional de Epidemiolog\u00eda del ministerio de Salud (MINSA), el Dr. Alex Sugasti, director m\u00e9dico institucional de la Caja de Seguro Social (CSS) de Panam\u00e1 Oeste, el honorable Representante de Burunga, Jos\u00e9 Gonz\u00e1lez y autoridades provinciales de salud. <\/p>\n<p>Esta jornada de vacunaci\u00f3n que se viene realizando a partir del 23 de abril y culminar\u00e1 el s\u00e1bado 30 de abril, favorecer\u00e1 a las comunidades de: Nueva Jerusal\u00e9n, Lluvia de Bendiciones, La Cascada, Nueva Luz, La Alameda, El Toro y Gede\u00f3n del corregimiento de Burunga. <\/p>\n<p> Sobre el particular, la Dra. Lourdes Garc\u00eda, indic\u00f3 que hasta la decimocuarta jornada, se han vacunado a m\u00e1s 2.5 millones de personas a nivel nacional, lo que ha permitido que nuestro pa\u00eds sea declarado libre de rub\u00e9ola y rub\u00e9ola cong\u00e9nita, entre otras enfermedades.  <\/p>\n<p>Garc\u00eda expres\u00f3, que este a\u00f1o se est\u00e1n aplicando 23 vacunas dirigidas a ni\u00f1os, adultos y adultos mayores, e hizo un llamado a la comunidad para que permitan que el personal de salud del MINSA y CSS realice con \u00e9xito la labor de vacunar a la mayor cantidad posible de personas. <\/p>\n<p>Por su parte, el Dr. Alex Sugasti resalt\u00f3 la importancia de la inmunizaci\u00f3n desde la gestaci\u00f3n del ni\u00f1o hasta la adultez mayor, por lo que exhort\u00f3 a la comunidad a vacunarse para la prevenci\u00f3n de enfermedades que afectan a la familia. <\/p>\n","protected":false},"excerpt":{"rendered":"<p>La Semana de Vacunaci\u00f3n de las Am\u00e9ricas, cuyo lema este <a href=\"https:\/\/sertv.gob.pa\/nacionalfm\/vacunacion-de-las-americas-se-realiza-en-arraijan\/\"> [&#8230;]<\/a><\/p>\n","protected":false},"author":1,"featured_media":12323,"comment_status":"closed","ping_status":"closed","sticky":false,"template":"","format":"standard","meta":{"footnotes":""},"categories":[5],"tags":[],"class_list":["post-12322","post","type-post","status-publish","format-standard","has-post-thumbnail","hentry","category-salud"],"_links":{"self":[{"href":"https:\/\/sertv.gob.pa\/nacionalfm\/wp-json\/wp\/v2\/posts\/12322","targetHints":{"allow":["GET"]}}],"collection":[{"href":"https:\/\/sertv.gob.pa\/nacionalfm\/wp-json\/wp\/v2\/posts"}],"about":[{"href":"https:\/\/sertv.gob.pa\/nacionalfm\/wp-json\/wp\/v2\/types\/post"}],"author":[{"embeddable":true,"href":"https:\/\/sertv.gob.pa\/nacionalfm\/wp-json\/wp\/v2\/users\/1"}],"replies":[{"embeddable":true,"href":"https:\/\/sertv.gob.pa\/nacionalfm\/wp-json\/wp\/v2\/comments?post=12322"}],"version-history":[{"count":0,"href":"https:\/\/sertv.gob.pa\/nacionalfm\/wp-json\/wp\/v2\/posts\/12322\/revisions"}],"wp:featuredmedia":[{"embeddable":true,"href":"https:\/\/sertv.gob.pa\/nacionalfm\/wp-json\/wp\/v2\/media\/12323"}],"wp:attachment":[{"href":"https:\/\/sertv.gob.pa\/nacionalfm\/wp-json\/wp\/v2\/media?parent=12322"}],"wp:term":[{"taxonomy":"category","embeddable":true,"href":"https:\/\/sertv.gob.pa\/nacionalfm\/wp-json\/wp\/v2\/categories?post=12322"},{"taxonomy":"post_tag","embeddable":true,"href":"https:\/\/sertv.gob.pa\/nacionalfm\/wp-json\/wp\/v2\/tags?post=12322"}],"curies":[{"name":"wp","href":"https:\/\/api.w.org\/{rel}","templated":true}]}}