{"id":12326,"date":"2016-04-28T15:23:18","date_gmt":"2016-04-28T15:23:18","guid":{"rendered":""},"modified":"2016-04-28T15:23:18","modified_gmt":"2016-04-28T15:23:18","slug":"fedebeis-reprograma-partidos-suspendidos-hasta-la-fecha","status":"publish","type":"post","link":"https:\/\/sertv.gob.pa\/nacionalfm\/fedebeis-reprograma-partidos-suspendidos-hasta-la-fecha\/","title":{"rendered":"FEDEBEIS reprograma partidos suspendidos hasta la fecha"},"content":{"rendered":"<p>\nLa Junta Directiva de la Federaci\u00f3n Paname\u00f1a de B\u00e9isbol (FEDEBEIS) inform\u00f3 las reprogramaciones de juegos suspendidos hasta la fecha y cambios del calendario oficial del 73 Campeonato Nacional de B\u00e9isbol Mayor. <\/p>\n<p>Tomando en consideraci\u00f3n el mal tiempo que impera en la ciudad de Santiago, Veraguas, se procedi\u00f3 a remover del Estadio Omar Torrijos los partidos N.121, del jueves 28 de abril; y N.126, del viernes 29 del mismo mes; entre las novenas de Cocl\u00e9 y Bocas del Toro, para el Estadio Nacional Rod Carew, en la capital. El encuentro del pr\u00f3ximo jueves se efectuar\u00e1 a las 7:00 p.m y el viernes, a las 3:00 p.m. <\/p>\n<p>Adicionalmente se reprogram\u00f3 el partido N.114,\u00a0 entre los equipos de Col\u00f3n vs Panam\u00e1 Metro, para el s\u00e1bado 30 de abril, a las 10:00 a.m., en el Estadio Rod Carew. El encuentro N.89 entre las novenas de Bocas del Toro vs Chiriqu\u00ed se celebrar\u00e1 el domingo 1 de mayo, a las 2:00 p.m., en el Estadio Rod Carew. <\/p>\n<p>La justa N.109, entre Panam\u00e1 Metro y Veraguas, se efectuar\u00e1 el lunes 2 de mayo, a las 3:00 p.m., en el Estadio Rod Carew; el encuentro N.105, entre Chiriqu\u00ed vs Col\u00f3n, se desarrollar\u00e1 el jueves 5 de mayo, a las 7:00 p.m., en el Estadio Roberto Mariano Bula; y el partido N.118, Bocas del Toro vs Veraguas, se ejecutar\u00e1\u00a0 el jueves 5 de mayo, a las 7:00 p.m., en el Estadio Rod Carew. <\/p>\n<p>La finalizaci\u00f3n del partido entre las novenas de Herrera y Los Santos, pospuesto en la noche de ayer, por falla el\u00e9ctrica en el estadio Olmedo Sol\u00e9, se jugar\u00e1 el s\u00e1bado 30 de abril, a las 3:00 p.m, de manera previa a la celebraci\u00f3n del partido se\u00f1alado en el Calendario Oficial, para ese d\u00eda entre estas mismas novenas. <\/p>\n<p>Los partidos suspendidos hasta el momento se jugar\u00e1n de acuerdo a la reprogramaci\u00f3n aprobada por la FEDEBEIS, seg\u00fan indica el Reglamento Oficial de dicho campeonato. <\/p>\n<p>\u00a0 <\/p>\n<p>\u00a0 <\/p>\n<p>\u00a0 <\/p>\n","protected":false},"excerpt":{"rendered":"<p>La Junta Directiva de la Federaci\u00f3n Paname\u00f1a de B\u00e9isbol (FEDEBEIS) <a href=\"https:\/\/sertv.gob.pa\/nacionalfm\/fedebeis-reprograma-partidos-suspendidos-hasta-la-fecha\/\"> [&#8230;]<\/a><\/p>\n","protected":false},"author":1,"featured_media":12327,"comment_status":"closed","ping_status":"closed","sticky":false,"template":"","format":"standard","meta":{"footnotes":""},"categories":[4],"tags":[],"class_list":["post-12326","post","type-post","status-publish","format-standard","has-post-thumbnail","hentry","category-deportes"],"_links":{"self":[{"href":"https:\/\/sertv.gob.pa\/nacionalfm\/wp-json\/wp\/v2\/posts\/12326","targetHints":{"allow":["GET"]}}],"collection":[{"href":"https:\/\/sertv.gob.pa\/nacionalfm\/wp-json\/wp\/v2\/posts"}],"about":[{"href":"https:\/\/sertv.gob.pa\/nacionalfm\/wp-json\/wp\/v2\/types\/post"}],"author":[{"embeddable":true,"href":"https:\/\/sertv.gob.pa\/nacionalfm\/wp-json\/wp\/v2\/users\/1"}],"replies":[{"embeddable":true,"href":"https:\/\/sertv.gob.pa\/nacionalfm\/wp-json\/wp\/v2\/comments?post=12326"}],"version-history":[{"count":0,"href":"https:\/\/sertv.gob.pa\/nacionalfm\/wp-json\/wp\/v2\/posts\/12326\/revisions"}],"wp:featuredmedia":[{"embeddable":true,"href":"https:\/\/sertv.gob.pa\/nacionalfm\/wp-json\/wp\/v2\/media\/12327"}],"wp:attachment":[{"href":"https:\/\/sertv.gob.pa\/nacionalfm\/wp-json\/wp\/v2\/media?parent=12326"}],"wp:term":[{"taxonomy":"category","embeddable":true,"href":"https:\/\/sertv.gob.pa\/nacionalfm\/wp-json\/wp\/v2\/categories?post=12326"},{"taxonomy":"post_tag","embeddable":true,"href":"https:\/\/sertv.gob.pa\/nacionalfm\/wp-json\/wp\/v2\/tags?post=12326"}],"curies":[{"name":"wp","href":"https:\/\/api.w.org\/{rel}","templated":true}]}}