{"id":12328,"date":"2016-04-28T15:39:47","date_gmt":"2016-04-28T15:39:47","guid":{"rendered":""},"modified":"2016-04-28T15:39:47","modified_gmt":"2016-04-28T15:39:47","slug":"anuncian-construccion-de-gimnasio-de-boxeo-para-san-miguelito","status":"publish","type":"post","link":"https:\/\/sertv.gob.pa\/nacionalfm\/anuncian-construccion-de-gimnasio-de-boxeo-para-san-miguelito\/","title":{"rendered":"Anuncian construcci\u00f3n de gimnasio de boxeo para San Miguelito"},"content":{"rendered":"<p>\nEn la conferencia de prensa para promover la cartelera box\u00edstica en la cual Anselmo &ldquo;Chemito&rdquo; Moreno disputar\u00e1 el t\u00edtulo plata gallo del Consejo Mundial de Boxeo el alcalde del Distrito de San Miguelito, Gerardo Cumbertbacht, anunci\u00f3 la construcci\u00f3n de un gimnasio de boxeo en el distrito. <\/p>\n<p>El alcalde del distrito San Miguelito sustenta la construcci\u00f3n de este gimnasio, en \u00a0que en el distrito han salido buenos boxeadores como Carlos &ldquo;El P\u00faas&rdquo; Murillo, Anselmo &ldquo;Chemito&rdquo; Moreno y el reci\u00e9n coronado supercampe\u00f3n de los superplumas de la Asociaci\u00f3n Mundial de Boxeo Jezrrel &ldquo;El Invisible&rdquo; Corrales al vencer al hasta entonces titular el japon\u00e9s Takashi Uchiyama, por K.O. en dos asaltos. <\/p>\n","protected":false},"excerpt":{"rendered":"<p>En la conferencia de prensa para promover la cartelera box\u00edstica <a href=\"https:\/\/sertv.gob.pa\/nacionalfm\/anuncian-construccion-de-gimnasio-de-boxeo-para-san-miguelito\/\"> [&#8230;]<\/a><\/p>\n","protected":false},"author":1,"featured_media":12329,"comment_status":"closed","ping_status":"closed","sticky":false,"template":"","format":"standard","meta":{"footnotes":""},"categories":[4],"tags":[],"class_list":["post-12328","post","type-post","status-publish","format-standard","has-post-thumbnail","hentry","category-deportes"],"_links":{"self":[{"href":"https:\/\/sertv.gob.pa\/nacionalfm\/wp-json\/wp\/v2\/posts\/12328","targetHints":{"allow":["GET"]}}],"collection":[{"href":"https:\/\/sertv.gob.pa\/nacionalfm\/wp-json\/wp\/v2\/posts"}],"about":[{"href":"https:\/\/sertv.gob.pa\/nacionalfm\/wp-json\/wp\/v2\/types\/post"}],"author":[{"embeddable":true,"href":"https:\/\/sertv.gob.pa\/nacionalfm\/wp-json\/wp\/v2\/users\/1"}],"replies":[{"embeddable":true,"href":"https:\/\/sertv.gob.pa\/nacionalfm\/wp-json\/wp\/v2\/comments?post=12328"}],"version-history":[{"count":0,"href":"https:\/\/sertv.gob.pa\/nacionalfm\/wp-json\/wp\/v2\/posts\/12328\/revisions"}],"wp:featuredmedia":[{"embeddable":true,"href":"https:\/\/sertv.gob.pa\/nacionalfm\/wp-json\/wp\/v2\/media\/12329"}],"wp:attachment":[{"href":"https:\/\/sertv.gob.pa\/nacionalfm\/wp-json\/wp\/v2\/media?parent=12328"}],"wp:term":[{"taxonomy":"category","embeddable":true,"href":"https:\/\/sertv.gob.pa\/nacionalfm\/wp-json\/wp\/v2\/categories?post=12328"},{"taxonomy":"post_tag","embeddable":true,"href":"https:\/\/sertv.gob.pa\/nacionalfm\/wp-json\/wp\/v2\/tags?post=12328"}],"curies":[{"name":"wp","href":"https:\/\/api.w.org\/{rel}","templated":true}]}}