{"id":12338,"date":"2016-04-28T16:57:46","date_gmt":"2016-04-28T16:57:46","guid":{"rendered":""},"modified":"2016-04-28T16:57:46","modified_gmt":"2016-04-28T16:57:46","slug":"se-da-apertura-de-sobres-para-restauracion-del-j-d-arosemena","status":"publish","type":"post","link":"https:\/\/sertv.gob.pa\/nacionalfm\/se-da-apertura-de-sobres-para-restauracion-del-j-d-arosemena\/","title":{"rendered":"Se da apertura de sobres para restauraci\u00f3n del J.D. Arosemena"},"content":{"rendered":"<p>\nEl pasado lunes se dio la apertura de sobres para la restauraci\u00f3n, dise\u00f1o y construcci\u00f3n del nuevo coliseo del m\u00edtico estadio Juan Dem\u00f3stenes Arosemena, seg\u00fan inform\u00f3 el Instituto Paname\u00f1o de Deportes. <\/p>\n<p>La empresa paname\u00f1a Constructora Cali S.A. fue la \u00fanica proponente que particip\u00f3 en el procedimiento de selecci\u00f3n de contratista, por un monto propuesto de 13,197,548.27 balboas. <\/p>\n<p>El acto de apertura de sobres se realiz\u00f3 a las 10 de la ma\u00f1ana del lunes 25 de abril en las oficinas centrales del PANDEPORTES ante funcionarios, representantes de la empresa Constructora Cali y p\u00fablico en general. <\/p>\n<p>En el acto dicha compa\u00f1\u00eda cumpli\u00f3 con todos los requisitos y s\u00f3lo es tr\u00e1mite la adjudicaci\u00f3n oficial de la empresa y la orden de proceder para que se den inicio las obras del nuevo &ldquo;Coloso de Cabo Verde&rdquo;. <\/p>\n<p>\u00a0 <\/p>\n","protected":false},"excerpt":{"rendered":"<p>El pasado lunes se dio la apertura de sobres para <a href=\"https:\/\/sertv.gob.pa\/nacionalfm\/se-da-apertura-de-sobres-para-restauracion-del-j-d-arosemena\/\"> [&#8230;]<\/a><\/p>\n","protected":false},"author":1,"featured_media":12339,"comment_status":"closed","ping_status":"closed","sticky":false,"template":"","format":"standard","meta":{"footnotes":""},"categories":[4],"tags":[],"class_list":["post-12338","post","type-post","status-publish","format-standard","has-post-thumbnail","hentry","category-deportes"],"_links":{"self":[{"href":"https:\/\/sertv.gob.pa\/nacionalfm\/wp-json\/wp\/v2\/posts\/12338","targetHints":{"allow":["GET"]}}],"collection":[{"href":"https:\/\/sertv.gob.pa\/nacionalfm\/wp-json\/wp\/v2\/posts"}],"about":[{"href":"https:\/\/sertv.gob.pa\/nacionalfm\/wp-json\/wp\/v2\/types\/post"}],"author":[{"embeddable":true,"href":"https:\/\/sertv.gob.pa\/nacionalfm\/wp-json\/wp\/v2\/users\/1"}],"replies":[{"embeddable":true,"href":"https:\/\/sertv.gob.pa\/nacionalfm\/wp-json\/wp\/v2\/comments?post=12338"}],"version-history":[{"count":0,"href":"https:\/\/sertv.gob.pa\/nacionalfm\/wp-json\/wp\/v2\/posts\/12338\/revisions"}],"wp:featuredmedia":[{"embeddable":true,"href":"https:\/\/sertv.gob.pa\/nacionalfm\/wp-json\/wp\/v2\/media\/12339"}],"wp:attachment":[{"href":"https:\/\/sertv.gob.pa\/nacionalfm\/wp-json\/wp\/v2\/media?parent=12338"}],"wp:term":[{"taxonomy":"category","embeddable":true,"href":"https:\/\/sertv.gob.pa\/nacionalfm\/wp-json\/wp\/v2\/categories?post=12338"},{"taxonomy":"post_tag","embeddable":true,"href":"https:\/\/sertv.gob.pa\/nacionalfm\/wp-json\/wp\/v2\/tags?post=12338"}],"curies":[{"name":"wp","href":"https:\/\/api.w.org\/{rel}","templated":true}]}}