{"id":12352,"date":"2016-04-28T19:59:47","date_gmt":"2016-04-28T19:59:47","guid":{"rendered":""},"modified":"2016-04-28T19:59:47","modified_gmt":"2016-04-28T19:59:47","slug":"construyen-instalaciones-deportivas-en-panama-norte","status":"publish","type":"post","link":"https:\/\/sertv.gob.pa\/nacionalfm\/construyen-instalaciones-deportivas-en-panama-norte\/","title":{"rendered":"Construyen instalaciones deportivas en Panam\u00e1 Norte"},"content":{"rendered":"<p>\nLa Alcald\u00eda de Panam\u00e1 entreg\u00f3 recientemente la orden de proceder a la Compa\u00f1\u00eda Especializada, S.A. y Jos\u00e9 Vega Castro, quienes ser\u00e1n los encargados de realizar la construcci\u00f3n de la cancha sint\u00e9tica y multiosos en la que tendr\u00e1n luces y gradas para la comunidad de los residentes de Panam\u00e1 Norte, mediante una inversi\u00f3n de m\u00e1s de B\/.172 mil. <\/p>\n<p> Seg\u00fan la empresa, en unos 90 d\u00edas podr\u00e1 estar lista la cancha que beneficiar\u00e1 a un centenar de vecinos del \u00e1rea. La administraci\u00f3n de este espacio deportivo estar\u00e1 a cargo de l\u00edderes comunitarios, en los trabajos que se realicen participar\u00e1n miembros de la comunidad.\u00a0  <\/p>\n<p> El alcalde capitalino, Jos\u00e9 Bland\u00f3n Figueroa, aprovech\u00f3 la ocasi\u00f3n para explicar algunos de los proyectos que tendr\u00e1n en la zona. \u00abHemos adquirido un terreno de 40 hect\u00e1reas en La Cabima, donde aproximadamente de 20 a 25 hect\u00e1reas se van a dedicar para un parque, as\u00ed pues el \u00e1rea norte ser\u00e1 la zona que m\u00e1s parques tenga. Tendremos ac\u00e1 el Parque Norte en Chilibre, el parque en La Cabima de Alcalde D\u00edaz y la Cinta Norte\u00f1a, para beneficios de todos\u00bb.\u00a0  <\/p>\n<p> La m\u00e1xima autoridad capitalina destac\u00f3 que para la pr\u00f3xima semana se estar\u00e1 entregando la orden de proceder para la construcci\u00f3n de otra cancha sint\u00e9tica en La Cabima y dem\u00e1s zonas de Panam\u00e1 Norte. Tambi\u00e9n anunci\u00f3 que la alcald\u00eda pretende instalar una sede regional para que los moradores puedan hacer sus tr\u00e1mites desde all\u00ed.  <\/p>\n<p>\u00a0 <\/p>\n","protected":false},"excerpt":{"rendered":"<p>La Alcald\u00eda de Panam\u00e1 entreg\u00f3 recientemente la orden de proceder <a href=\"https:\/\/sertv.gob.pa\/nacionalfm\/construyen-instalaciones-deportivas-en-panama-norte\/\"> [&#8230;]<\/a><\/p>\n","protected":false},"author":1,"featured_media":12353,"comment_status":"closed","ping_status":"closed","sticky":false,"template":"","format":"standard","meta":{"footnotes":""},"categories":[4],"tags":[],"class_list":["post-12352","post","type-post","status-publish","format-standard","has-post-thumbnail","hentry","category-deportes"],"_links":{"self":[{"href":"https:\/\/sertv.gob.pa\/nacionalfm\/wp-json\/wp\/v2\/posts\/12352","targetHints":{"allow":["GET"]}}],"collection":[{"href":"https:\/\/sertv.gob.pa\/nacionalfm\/wp-json\/wp\/v2\/posts"}],"about":[{"href":"https:\/\/sertv.gob.pa\/nacionalfm\/wp-json\/wp\/v2\/types\/post"}],"author":[{"embeddable":true,"href":"https:\/\/sertv.gob.pa\/nacionalfm\/wp-json\/wp\/v2\/users\/1"}],"replies":[{"embeddable":true,"href":"https:\/\/sertv.gob.pa\/nacionalfm\/wp-json\/wp\/v2\/comments?post=12352"}],"version-history":[{"count":0,"href":"https:\/\/sertv.gob.pa\/nacionalfm\/wp-json\/wp\/v2\/posts\/12352\/revisions"}],"wp:featuredmedia":[{"embeddable":true,"href":"https:\/\/sertv.gob.pa\/nacionalfm\/wp-json\/wp\/v2\/media\/12353"}],"wp:attachment":[{"href":"https:\/\/sertv.gob.pa\/nacionalfm\/wp-json\/wp\/v2\/media?parent=12352"}],"wp:term":[{"taxonomy":"category","embeddable":true,"href":"https:\/\/sertv.gob.pa\/nacionalfm\/wp-json\/wp\/v2\/categories?post=12352"},{"taxonomy":"post_tag","embeddable":true,"href":"https:\/\/sertv.gob.pa\/nacionalfm\/wp-json\/wp\/v2\/tags?post=12352"}],"curies":[{"name":"wp","href":"https:\/\/api.w.org\/{rel}","templated":true}]}}