{"id":12378,"date":"2016-04-29T19:20:44","date_gmt":"2016-04-29T19:20:44","guid":{"rendered":""},"modified":"2016-04-29T19:20:44","modified_gmt":"2016-04-29T19:20:44","slug":"duran-invitado-de-honor-en-inauguracion-de-ampliacion-del-canal","status":"publish","type":"post","link":"https:\/\/sertv.gob.pa\/nacionalfm\/duran-invitado-de-honor-en-inauguracion-de-ampliacion-del-canal\/","title":{"rendered":"Dur\u00e1n invitado de honor en inauguraci\u00f3n de Ampliaci\u00f3n del Canal"},"content":{"rendered":"<p>\nRoberto &ldquo;Mano de Piedra&rdquo; Dur\u00e1n ser\u00e1 invitado de honor a la inauguraci\u00f3n del Canal Ampliado, como homenaje, con motivo de la conmemoraci\u00f3n de los 44 a\u00f1os de la victoria por K.O.T. ante el escoc\u00e9s Ken Buchanan para adjudicarse el campeonato mundial de los pesos ligeros. <\/p>\n<p>Jorge Luis Quijano, el administrador de la Autoridad del Canal de Panam\u00e1 (ACP) as\u00ed lo dio a conocer la ma\u00f1ana de este viernes,. <\/p>\n<p>Y agreg\u00f3 \u00abnosotros vamos a hacerle una invitaci\u00f3n especial para que participe, justamente, ese d\u00eda inaugural con nosotros, celebrando en s\u00ed, en esencia ese aniversario de esa gran conquista que no solamente fue para Roberto Dur\u00e1n, sino para todos los paname\u00f1os y que obviamente, le llega al coraz\u00f3n de todos nosotros, canaleros, paname\u00f1os\u00bb. <\/p>\n<p>El 26 de junio de 1972 Dur\u00e1n, \u00abMano de Piedra\u00bb o \u00abEl Cholo\u00bb como coloquialmente se le reconoce, venci\u00f3 al escoc\u00e9s Ken Buchanan, en Nueva York, Estados Unidos. El mes de su triunfo no solo coincide con ahora, la inauguraci\u00f3n de la expansi\u00f3n del Canal, sino que tambi\u00e9n celebra para el 16 de junio, su cumplea\u00f1os. <\/p>\n<p>El exboxeador es considerado a nivel mundial como una leyenda. \u00a0Ha sido el \u00fanico en la historia, en pelear en cinco d\u00e9cadas diferentes. <\/p>\n<p>Obtuvo en su carrera, un total de 103 victorias, de \u00e9stas 70 por nocaut en distintas categor\u00edas y en agosto de 2014 fue inducido por tercera ocasi\u00f3n en un Sal\u00f3n de la Fama. Forma parte del Sal\u00f3n de la Fama en Nevada, Los \u00c1ngeles y Canastota en Nueva York. <\/p>\n","protected":false},"excerpt":{"rendered":"<p>Roberto &ldquo;Mano de Piedra&rdquo; Dur\u00e1n ser\u00e1 invitado de honor a <a href=\"https:\/\/sertv.gob.pa\/nacionalfm\/duran-invitado-de-honor-en-inauguracion-de-ampliacion-del-canal\/\"> [&#8230;]<\/a><\/p>\n","protected":false},"author":1,"featured_media":12379,"comment_status":"closed","ping_status":"closed","sticky":false,"template":"","format":"standard","meta":{"footnotes":""},"categories":[4],"tags":[],"class_list":["post-12378","post","type-post","status-publish","format-standard","has-post-thumbnail","hentry","category-deportes"],"_links":{"self":[{"href":"https:\/\/sertv.gob.pa\/nacionalfm\/wp-json\/wp\/v2\/posts\/12378","targetHints":{"allow":["GET"]}}],"collection":[{"href":"https:\/\/sertv.gob.pa\/nacionalfm\/wp-json\/wp\/v2\/posts"}],"about":[{"href":"https:\/\/sertv.gob.pa\/nacionalfm\/wp-json\/wp\/v2\/types\/post"}],"author":[{"embeddable":true,"href":"https:\/\/sertv.gob.pa\/nacionalfm\/wp-json\/wp\/v2\/users\/1"}],"replies":[{"embeddable":true,"href":"https:\/\/sertv.gob.pa\/nacionalfm\/wp-json\/wp\/v2\/comments?post=12378"}],"version-history":[{"count":0,"href":"https:\/\/sertv.gob.pa\/nacionalfm\/wp-json\/wp\/v2\/posts\/12378\/revisions"}],"wp:featuredmedia":[{"embeddable":true,"href":"https:\/\/sertv.gob.pa\/nacionalfm\/wp-json\/wp\/v2\/media\/12379"}],"wp:attachment":[{"href":"https:\/\/sertv.gob.pa\/nacionalfm\/wp-json\/wp\/v2\/media?parent=12378"}],"wp:term":[{"taxonomy":"category","embeddable":true,"href":"https:\/\/sertv.gob.pa\/nacionalfm\/wp-json\/wp\/v2\/categories?post=12378"},{"taxonomy":"post_tag","embeddable":true,"href":"https:\/\/sertv.gob.pa\/nacionalfm\/wp-json\/wp\/v2\/tags?post=12378"}],"curies":[{"name":"wp","href":"https:\/\/api.w.org\/{rel}","templated":true}]}}