{"id":12412,"date":"2016-05-03T18:26:48","date_gmt":"2016-05-03T18:26:48","guid":{"rendered":""},"modified":"2016-05-03T18:26:48","modified_gmt":"2016-05-03T18:26:48","slug":"mas-de-2-600-vacunados-al-norte-de-veraguas","status":"publish","type":"post","link":"https:\/\/sertv.gob.pa\/nacionalfm\/mas-de-2-600-vacunados-al-norte-de-veraguas\/","title":{"rendered":"M\u00e1s de 2,600 vacunados al norte de Veraguas"},"content":{"rendered":"<p>\nM\u00e1s de 2,600 personas han sido vacunadas en la regi\u00f3n norte del distrito de Santa Fe de Veraguas, en los corregimientos de R\u00edo Luis y Calov\u00e9bora. <\/p>\n<p>A pesar de que se est\u00e1 trabajando en zonas de dif\u00edcil acceso, la asistencia de personas de todas las edades a los centros de vacunaci\u00f3n ha sido muy positiva, consider\u00f3 Argelis Espinoza, coordinadora del Programa de Inmunizaci\u00f3n en Veraguas. <\/p>\n<p>La poblaci\u00f3n campesina e ind\u00edgena ha atendido el llamado, expres\u00f3. Las personas han recorrido largas distancias para beneficiarse de la inmunizaci\u00f3n, indic\u00f3 Espinoza. La vacunaci\u00f3n se lleva a cabo en puestos de salud, escuelas, puntos fijos y casa por casa. <\/p>\n<p>Este a\u00f1o se est\u00e1n administrando 23 vacunas que cubren unas 20 enfermedades como hepatitis B, polio BCG, neumococo, virus del papiloma humano, influenza y otras, para menores de 5 a\u00f1os y mayores de 60, mujeres embarazadas y personas con enfermedades cr\u00f3nicas. <\/p>\n<p>\u00a0 <\/p>\n","protected":false},"excerpt":{"rendered":"<p>M\u00e1s de 2,600 personas han sido vacunadas en la regi\u00f3n <a href=\"https:\/\/sertv.gob.pa\/nacionalfm\/mas-de-2-600-vacunados-al-norte-de-veraguas\/\"> [&#8230;]<\/a><\/p>\n","protected":false},"author":1,"featured_media":12413,"comment_status":"closed","ping_status":"closed","sticky":false,"template":"","format":"standard","meta":{"footnotes":""},"categories":[5],"tags":[],"class_list":["post-12412","post","type-post","status-publish","format-standard","has-post-thumbnail","hentry","category-salud"],"_links":{"self":[{"href":"https:\/\/sertv.gob.pa\/nacionalfm\/wp-json\/wp\/v2\/posts\/12412","targetHints":{"allow":["GET"]}}],"collection":[{"href":"https:\/\/sertv.gob.pa\/nacionalfm\/wp-json\/wp\/v2\/posts"}],"about":[{"href":"https:\/\/sertv.gob.pa\/nacionalfm\/wp-json\/wp\/v2\/types\/post"}],"author":[{"embeddable":true,"href":"https:\/\/sertv.gob.pa\/nacionalfm\/wp-json\/wp\/v2\/users\/1"}],"replies":[{"embeddable":true,"href":"https:\/\/sertv.gob.pa\/nacionalfm\/wp-json\/wp\/v2\/comments?post=12412"}],"version-history":[{"count":0,"href":"https:\/\/sertv.gob.pa\/nacionalfm\/wp-json\/wp\/v2\/posts\/12412\/revisions"}],"wp:featuredmedia":[{"embeddable":true,"href":"https:\/\/sertv.gob.pa\/nacionalfm\/wp-json\/wp\/v2\/media\/12413"}],"wp:attachment":[{"href":"https:\/\/sertv.gob.pa\/nacionalfm\/wp-json\/wp\/v2\/media?parent=12412"}],"wp:term":[{"taxonomy":"category","embeddable":true,"href":"https:\/\/sertv.gob.pa\/nacionalfm\/wp-json\/wp\/v2\/categories?post=12412"},{"taxonomy":"post_tag","embeddable":true,"href":"https:\/\/sertv.gob.pa\/nacionalfm\/wp-json\/wp\/v2\/tags?post=12412"}],"curies":[{"name":"wp","href":"https:\/\/api.w.org\/{rel}","templated":true}]}}