{"id":12422,"date":"2016-05-03T21:52:38","date_gmt":"2016-05-03T21:52:38","guid":{"rendered":""},"modified":"2016-05-03T21:52:38","modified_gmt":"2016-05-03T21:52:38","slug":"cientifico-nunez-se-mide-a-santeno-eric-castro","status":"publish","type":"post","link":"https:\/\/sertv.gob.pa\/nacionalfm\/cientifico-nunez-se-mide-a-santeno-eric-castro\/","title":{"rendered":"\u201cCient\u00edfico\u201d N\u00fa\u00f1ez se mide a sante\u00f1o Eric Castro"},"content":{"rendered":"<p>\n  Promociones y Eventos del Istmo que preside Rogelio Espinho present\u00f3 en Conferencia de Prensa la cartelera box\u00edstica para el pr\u00f3ximo 27 de mayo en el Centro de Convenciones Vasco N\u00fa\u00f1ez de Balboa en el Hotel Panam\u00e1, denominada &ldquo;Bajo Fuego&rdquo; con el encuentro estelar entre Ricardo &ldquo;El Cient\u00edfico&rdquo; N\u00fa\u00f1ez y el sante\u00f1o Eric Castro.   <\/p>\n<p>  \u00a0   El combate estelar correr\u00e1 a cargo de C\u00e9sar &ldquo;El Fronterizo&rdquo; Rivas del Dari\u00e9n ante el mejorado Jeffrey Rosales en combate de revancha, en otros combates, el ind\u00edgena Dirceu Cabarcas se mide al venezolano radicado en Panam\u00e1 Iwier Henr\u00edquez, Fernando Mart\u00ednez ante Daniel Moreno.  <\/p>\n<p> En la pelea de abrir se presenta el debut del boxeo profesional de Jaime Mu\u00f1oz quien a nivel ol\u00edmpico fue campe\u00f3n Centroamericano, y fall\u00f3 en el preol\u00edmpico de Argentina, ante el invicto chorrerano Carlos Montenegro.  <\/p>\n<p>  \u00a0   <\/p>\n","protected":false},"excerpt":{"rendered":"<p>Promociones y Eventos del Istmo que preside Rogelio Espinho present\u00f3 <a href=\"https:\/\/sertv.gob.pa\/nacionalfm\/cientifico-nunez-se-mide-a-santeno-eric-castro\/\"> [&#8230;]<\/a><\/p>\n","protected":false},"author":1,"featured_media":12423,"comment_status":"closed","ping_status":"closed","sticky":false,"template":"","format":"standard","meta":{"footnotes":""},"categories":[4],"tags":[],"class_list":["post-12422","post","type-post","status-publish","format-standard","has-post-thumbnail","hentry","category-deportes"],"_links":{"self":[{"href":"https:\/\/sertv.gob.pa\/nacionalfm\/wp-json\/wp\/v2\/posts\/12422","targetHints":{"allow":["GET"]}}],"collection":[{"href":"https:\/\/sertv.gob.pa\/nacionalfm\/wp-json\/wp\/v2\/posts"}],"about":[{"href":"https:\/\/sertv.gob.pa\/nacionalfm\/wp-json\/wp\/v2\/types\/post"}],"author":[{"embeddable":true,"href":"https:\/\/sertv.gob.pa\/nacionalfm\/wp-json\/wp\/v2\/users\/1"}],"replies":[{"embeddable":true,"href":"https:\/\/sertv.gob.pa\/nacionalfm\/wp-json\/wp\/v2\/comments?post=12422"}],"version-history":[{"count":0,"href":"https:\/\/sertv.gob.pa\/nacionalfm\/wp-json\/wp\/v2\/posts\/12422\/revisions"}],"wp:featuredmedia":[{"embeddable":true,"href":"https:\/\/sertv.gob.pa\/nacionalfm\/wp-json\/wp\/v2\/media\/12423"}],"wp:attachment":[{"href":"https:\/\/sertv.gob.pa\/nacionalfm\/wp-json\/wp\/v2\/media?parent=12422"}],"wp:term":[{"taxonomy":"category","embeddable":true,"href":"https:\/\/sertv.gob.pa\/nacionalfm\/wp-json\/wp\/v2\/categories?post=12422"},{"taxonomy":"post_tag","embeddable":true,"href":"https:\/\/sertv.gob.pa\/nacionalfm\/wp-json\/wp\/v2\/tags?post=12422"}],"curies":[{"name":"wp","href":"https:\/\/api.w.org\/{rel}","templated":true}]}}