{"id":12434,"date":"2016-05-04T14:46:24","date_gmt":"2016-05-04T14:46:24","guid":{"rendered":""},"modified":"2016-05-04T14:46:24","modified_gmt":"2016-05-04T14:46:24","slug":"una-sola-semana-de-descanso-para-jezrrel-el-invisible-corrales","status":"publish","type":"post","link":"https:\/\/sertv.gob.pa\/nacionalfm\/una-sola-semana-de-descanso-para-jezrrel-el-invisible-corrales\/","title":{"rendered":"Una sola semana de descanso para Jezrrel \u201cEl Invisible\u201d Corrales"},"content":{"rendered":"<p>\nJezrrel &ldquo;El Invisible&rdquo; Corrales luego de ganar el supercampeonato mundial de los pesos superplumas de la Asociaci\u00f3n Mundial de Boxeo por K.O. en dos asaltos al japon\u00e9s Takashi Uchiyama, en combate realizado en Tokio, Jap\u00f3n, anunci\u00f3 a Nacional FM que solo descansar\u00e1 una semana. <\/p>\n<p>As\u00ed lo dio a conocer a este medio el p\u00fagil Corrales, consciente de que cada vez se le presentar\u00e1n rivales m\u00e1s dif\u00edciles y con hambre de ser campeones mundiales. <\/p>\n<p>En el camino tiene al campe\u00f3n en propiedad de la AMB el dominicano Javier &ldquo;El Abej\u00f3n&rdquo; Fortuna, quien se mantiene invicto y aqu\u00ed en Panam\u00e1 se encuentran clasificados en la misma divisi\u00f3n, Juan Huertas de d\u00e9cimo, Jaime Arboleda de 12 y Ricardo &ldquo;El Cient\u00edfico&rdquo; N\u00fa\u00f1ez de n\u00famero 13. <\/p>\n<p>Sus principales retadores son Nicholas Walters, jamaiquino radicado en Panam\u00e1 y el tico Bryan &ldquo;El Tiquito&rdquo; V\u00e1squez. <\/p>\n","protected":false},"excerpt":{"rendered":"<p>Jezrrel &ldquo;El Invisible&rdquo; Corrales luego de ganar el supercampeonato mundial <a href=\"https:\/\/sertv.gob.pa\/nacionalfm\/una-sola-semana-de-descanso-para-jezrrel-el-invisible-corrales\/\"> [&#8230;]<\/a><\/p>\n","protected":false},"author":1,"featured_media":12435,"comment_status":"closed","ping_status":"closed","sticky":false,"template":"","format":"standard","meta":{"footnotes":""},"categories":[4],"tags":[],"class_list":["post-12434","post","type-post","status-publish","format-standard","has-post-thumbnail","hentry","category-deportes"],"_links":{"self":[{"href":"https:\/\/sertv.gob.pa\/nacionalfm\/wp-json\/wp\/v2\/posts\/12434","targetHints":{"allow":["GET"]}}],"collection":[{"href":"https:\/\/sertv.gob.pa\/nacionalfm\/wp-json\/wp\/v2\/posts"}],"about":[{"href":"https:\/\/sertv.gob.pa\/nacionalfm\/wp-json\/wp\/v2\/types\/post"}],"author":[{"embeddable":true,"href":"https:\/\/sertv.gob.pa\/nacionalfm\/wp-json\/wp\/v2\/users\/1"}],"replies":[{"embeddable":true,"href":"https:\/\/sertv.gob.pa\/nacionalfm\/wp-json\/wp\/v2\/comments?post=12434"}],"version-history":[{"count":0,"href":"https:\/\/sertv.gob.pa\/nacionalfm\/wp-json\/wp\/v2\/posts\/12434\/revisions"}],"wp:featuredmedia":[{"embeddable":true,"href":"https:\/\/sertv.gob.pa\/nacionalfm\/wp-json\/wp\/v2\/media\/12435"}],"wp:attachment":[{"href":"https:\/\/sertv.gob.pa\/nacionalfm\/wp-json\/wp\/v2\/media?parent=12434"}],"wp:term":[{"taxonomy":"category","embeddable":true,"href":"https:\/\/sertv.gob.pa\/nacionalfm\/wp-json\/wp\/v2\/categories?post=12434"},{"taxonomy":"post_tag","embeddable":true,"href":"https:\/\/sertv.gob.pa\/nacionalfm\/wp-json\/wp\/v2\/tags?post=12434"}],"curies":[{"name":"wp","href":"https:\/\/api.w.org\/{rel}","templated":true}]}}