{"id":12466,"date":"2016-05-04T19:48:47","date_gmt":"2016-05-04T19:48:47","guid":{"rendered":""},"modified":"2016-05-04T19:48:47","modified_gmt":"2016-05-04T19:48:47","slug":"campeon-olimpico-centroamericano-debuta-en-el-boxeo-profesional","status":"publish","type":"post","link":"https:\/\/sertv.gob.pa\/nacionalfm\/campeon-olimpico-centroamericano-debuta-en-el-boxeo-profesional\/","title":{"rendered":"Campe\u00f3n ol\u00edmpico centroamericano debuta en el boxeo profesional"},"content":{"rendered":"<p>\nJes\u00fas Mu\u00f1oz, quien fuera campe\u00f3n ol\u00edmpico centroamericano de los pesos ligeros dar\u00e1 su salto al boxeo profesional el pr\u00f3ximo 27 de mayo, en combate que se llevar\u00e1 a cabo en el Centro de Convenciones Vasco N\u00fa\u00f1ez de Balboa del Hotel Panam\u00e1, en una de las preliminares del encuentro estelar entre el chorrerano Ricardo &ldquo;El Cient\u00edfico&rdquo; N\u00fa\u00f1ez y el sante\u00f1o Eric Castro. <\/p>\n<p>Mu\u00f1oz se enfrenta esa noche al invicto chorrerano Carlos Montenegro en combate pactado a 4 asaltos. <\/p>\n<p>Jes\u00fas Mu\u00f1oz quien es hermano de Jefrie Rosales, inici\u00f3 en la categor\u00eda escolar bajo la direcci\u00f3n del entrenador dominicano residente en el \u00e1rea de San Miguelito, Ricardo Grand, con quien mantuvo una extensa carrera, en la que se midi\u00f3 a los mejores del momento. <\/p>\n<p>Posteriormente se traslada al gimnasio Pedro &ldquo;Roquero&rdquo; Alc\u00e1zar a entrenar con el entrenador Humberto Arboleda quien dirige la carrera de su hermano Rosales, ingresa a la Selecci\u00f3n Nacional, participa en los Juegos Centroamericanos y del Caribe en el cual pierde un combate estrecho de 2-1 ante p\u00fagil cubano, gana el campeonato centroamericano en Costa Rica, se corona campe\u00f3n nacional Guantes de Oro, en noviembre del a\u00f1o pasado, y cierra sin \u00e9xito en el \u00faltimo preol\u00edmpico que se efectu\u00f3 en Argentina. <\/p>\n","protected":false},"excerpt":{"rendered":"<p>Jes\u00fas Mu\u00f1oz, quien fuera campe\u00f3n ol\u00edmpico centroamericano de los pesos <a href=\"https:\/\/sertv.gob.pa\/nacionalfm\/campeon-olimpico-centroamericano-debuta-en-el-boxeo-profesional\/\"> [&#8230;]<\/a><\/p>\n","protected":false},"author":1,"featured_media":12467,"comment_status":"closed","ping_status":"closed","sticky":false,"template":"","format":"standard","meta":{"footnotes":""},"categories":[4],"tags":[],"class_list":["post-12466","post","type-post","status-publish","format-standard","has-post-thumbnail","hentry","category-deportes"],"_links":{"self":[{"href":"https:\/\/sertv.gob.pa\/nacionalfm\/wp-json\/wp\/v2\/posts\/12466","targetHints":{"allow":["GET"]}}],"collection":[{"href":"https:\/\/sertv.gob.pa\/nacionalfm\/wp-json\/wp\/v2\/posts"}],"about":[{"href":"https:\/\/sertv.gob.pa\/nacionalfm\/wp-json\/wp\/v2\/types\/post"}],"author":[{"embeddable":true,"href":"https:\/\/sertv.gob.pa\/nacionalfm\/wp-json\/wp\/v2\/users\/1"}],"replies":[{"embeddable":true,"href":"https:\/\/sertv.gob.pa\/nacionalfm\/wp-json\/wp\/v2\/comments?post=12466"}],"version-history":[{"count":0,"href":"https:\/\/sertv.gob.pa\/nacionalfm\/wp-json\/wp\/v2\/posts\/12466\/revisions"}],"wp:featuredmedia":[{"embeddable":true,"href":"https:\/\/sertv.gob.pa\/nacionalfm\/wp-json\/wp\/v2\/media\/12467"}],"wp:attachment":[{"href":"https:\/\/sertv.gob.pa\/nacionalfm\/wp-json\/wp\/v2\/media?parent=12466"}],"wp:term":[{"taxonomy":"category","embeddable":true,"href":"https:\/\/sertv.gob.pa\/nacionalfm\/wp-json\/wp\/v2\/categories?post=12466"},{"taxonomy":"post_tag","embeddable":true,"href":"https:\/\/sertv.gob.pa\/nacionalfm\/wp-json\/wp\/v2\/tags?post=12466"}],"curies":[{"name":"wp","href":"https:\/\/api.w.org\/{rel}","templated":true}]}}