{"id":12470,"date":"2016-05-05T14:32:45","date_gmt":"2016-05-05T14:32:45","guid":{"rendered":""},"modified":"2016-05-05T14:32:45","modified_gmt":"2016-05-05T14:32:45","slug":"chiriqui-y-panama-metro-juegas-hoy-a-las-8-de-la-noche","status":"publish","type":"post","link":"https:\/\/sertv.gob.pa\/nacionalfm\/chiriqui-y-panama-metro-juegas-hoy-a-las-8-de-la-noche\/","title":{"rendered":"Chiriqu\u00ed y Panam\u00e1 Metro juegas hoy a las 8 de la noche"},"content":{"rendered":"<p>\nLa Federaci\u00f3n Paname\u00f1a de B\u00e9isbol anunci\u00f3 mediante comunicado que el partido entre Chiriqu\u00ed y Panam\u00e1 Metro se jugar\u00e1 esta noche a las 8. <\/p>\n<p>El partido correspondiente a la Serie de Seis del Campeonato Nacional de B\u00e9isbol Mayor en su versi\u00f3n 73, se jugar\u00e1 en el Estadio Rod Carew. <\/p>\n<p>\u00a0 <\/p>\n","protected":false},"excerpt":{"rendered":"<p>La Federaci\u00f3n Paname\u00f1a de B\u00e9isbol anunci\u00f3 mediante comunicado que el <a href=\"https:\/\/sertv.gob.pa\/nacionalfm\/chiriqui-y-panama-metro-juegas-hoy-a-las-8-de-la-noche\/\"> [&#8230;]<\/a><\/p>\n","protected":false},"author":1,"featured_media":12471,"comment_status":"closed","ping_status":"closed","sticky":false,"template":"","format":"standard","meta":{"footnotes":""},"categories":[4],"tags":[],"class_list":["post-12470","post","type-post","status-publish","format-standard","has-post-thumbnail","hentry","category-deportes"],"_links":{"self":[{"href":"https:\/\/sertv.gob.pa\/nacionalfm\/wp-json\/wp\/v2\/posts\/12470","targetHints":{"allow":["GET"]}}],"collection":[{"href":"https:\/\/sertv.gob.pa\/nacionalfm\/wp-json\/wp\/v2\/posts"}],"about":[{"href":"https:\/\/sertv.gob.pa\/nacionalfm\/wp-json\/wp\/v2\/types\/post"}],"author":[{"embeddable":true,"href":"https:\/\/sertv.gob.pa\/nacionalfm\/wp-json\/wp\/v2\/users\/1"}],"replies":[{"embeddable":true,"href":"https:\/\/sertv.gob.pa\/nacionalfm\/wp-json\/wp\/v2\/comments?post=12470"}],"version-history":[{"count":0,"href":"https:\/\/sertv.gob.pa\/nacionalfm\/wp-json\/wp\/v2\/posts\/12470\/revisions"}],"wp:featuredmedia":[{"embeddable":true,"href":"https:\/\/sertv.gob.pa\/nacionalfm\/wp-json\/wp\/v2\/media\/12471"}],"wp:attachment":[{"href":"https:\/\/sertv.gob.pa\/nacionalfm\/wp-json\/wp\/v2\/media?parent=12470"}],"wp:term":[{"taxonomy":"category","embeddable":true,"href":"https:\/\/sertv.gob.pa\/nacionalfm\/wp-json\/wp\/v2\/categories?post=12470"},{"taxonomy":"post_tag","embeddable":true,"href":"https:\/\/sertv.gob.pa\/nacionalfm\/wp-json\/wp\/v2\/tags?post=12470"}],"curies":[{"name":"wp","href":"https:\/\/api.w.org\/{rel}","templated":true}]}}