{"id":12476,"date":"2016-05-05T15:15:17","date_gmt":"2016-05-05T15:15:17","guid":{"rendered":""},"modified":"2016-05-05T15:15:17","modified_gmt":"2016-05-05T15:15:17","slug":"remodelan-historico-plaza-amador","status":"publish","type":"post","link":"https:\/\/sertv.gob.pa\/nacionalfm\/remodelan-historico-plaza-amador\/","title":{"rendered":"Remodelan hist\u00f3rico Plaza Amador"},"content":{"rendered":"<p>\nEl estadio &ldquo;Le\u00f3n &ldquo;Cocoliso&rdquo; Tejada, conocido popularmente como Plaza Amador, ser\u00e1 remodelado en su totalidad, trabajos que forman parte del proyecto de mejoramiento de canchas e instalaciones deportivas del Municipio de Panam\u00e1 que lidera Jos\u00e9 Isabel Bland\u00f3n. <\/p>\n<p>Bland\u00f3n present\u00f3 en el propio terreno mediante infograf\u00edas, en que consiste la remodelaci\u00f3n del complejo deportivo, proyecto conceptual preparado por los arquitectos de la Direcci\u00f3n de Planificaci\u00f3n Urbana de la Alcald\u00eda de Panam\u00e1. <\/p>\n<p>La nueva cancha de f\u00fatbol ser\u00e1 sint\u00e9tica y tendr\u00e1 una nueva orientaci\u00f3n de tal forma pueda ser m\u00e1s amplia y as\u00ed cumplir con las medidas y requerimientos que exige la Federaci\u00f3n Internacional de F\u00fatbol Asociada (FIFA). <\/p>\n<p>La cancha de baloncesto ser\u00e1 removida de ese lugar y la misma podr\u00eda ser construida en la parte superior del edificio de administraci\u00f3n del complejo, mientras que la piscina se mantendr\u00e1 en el mismo sitio, destac\u00f3 Bland\u00f3n. <\/p>\n<p>El jefe municipal lanz\u00f3 la idea de crear un patronato que junto al municipio pueda administrar el nuevo coliseo, figura que permitir\u00e1 una administraci\u00f3n que pueda localizar donantes privados que aporten al mantenimiento del lugar. <\/p>\n","protected":false},"excerpt":{"rendered":"<p>El estadio &ldquo;Le\u00f3n &ldquo;Cocoliso&rdquo; Tejada, conocido popularmente como Plaza Amador, <a href=\"https:\/\/sertv.gob.pa\/nacionalfm\/remodelan-historico-plaza-amador\/\"> [&#8230;]<\/a><\/p>\n","protected":false},"author":1,"featured_media":12477,"comment_status":"closed","ping_status":"closed","sticky":false,"template":"","format":"standard","meta":{"footnotes":""},"categories":[4],"tags":[],"class_list":["post-12476","post","type-post","status-publish","format-standard","has-post-thumbnail","hentry","category-deportes"],"_links":{"self":[{"href":"https:\/\/sertv.gob.pa\/nacionalfm\/wp-json\/wp\/v2\/posts\/12476","targetHints":{"allow":["GET"]}}],"collection":[{"href":"https:\/\/sertv.gob.pa\/nacionalfm\/wp-json\/wp\/v2\/posts"}],"about":[{"href":"https:\/\/sertv.gob.pa\/nacionalfm\/wp-json\/wp\/v2\/types\/post"}],"author":[{"embeddable":true,"href":"https:\/\/sertv.gob.pa\/nacionalfm\/wp-json\/wp\/v2\/users\/1"}],"replies":[{"embeddable":true,"href":"https:\/\/sertv.gob.pa\/nacionalfm\/wp-json\/wp\/v2\/comments?post=12476"}],"version-history":[{"count":0,"href":"https:\/\/sertv.gob.pa\/nacionalfm\/wp-json\/wp\/v2\/posts\/12476\/revisions"}],"wp:featuredmedia":[{"embeddable":true,"href":"https:\/\/sertv.gob.pa\/nacionalfm\/wp-json\/wp\/v2\/media\/12477"}],"wp:attachment":[{"href":"https:\/\/sertv.gob.pa\/nacionalfm\/wp-json\/wp\/v2\/media?parent=12476"}],"wp:term":[{"taxonomy":"category","embeddable":true,"href":"https:\/\/sertv.gob.pa\/nacionalfm\/wp-json\/wp\/v2\/categories?post=12476"},{"taxonomy":"post_tag","embeddable":true,"href":"https:\/\/sertv.gob.pa\/nacionalfm\/wp-json\/wp\/v2\/tags?post=12476"}],"curies":[{"name":"wp","href":"https:\/\/api.w.org\/{rel}","templated":true}]}}