{"id":12480,"date":"2016-05-05T15:43:29","date_gmt":"2016-05-05T15:43:29","guid":{"rendered":""},"modified":"2016-05-05T15:43:29","modified_gmt":"2016-05-05T15:43:29","slug":"panama-se-mantiene-de-52-en-ranking-fifa","status":"publish","type":"post","link":"https:\/\/sertv.gob.pa\/nacionalfm\/panama-se-mantiene-de-52-en-ranking-fifa\/","title":{"rendered":"Panam\u00e1 se mantiene de 52 en Ranking FIFA"},"content":{"rendered":"<p>\nEl seleccionado nacional de f\u00fatbol de Panam\u00e1, se mantuvo en el puesto 52 del Ranking de la FIFA. <\/p>\n<p>Actualmente en CONCACAF la selecci\u00f3n l\u00edder es M\u00e9xico, seguidos por Costa Rica, Estados Unidos y Panam\u00e1. <\/p>\n<p>A nivel mundial, Panam\u00e1 se encuentra por encima de Trinidad &#038; Tobago y Rep\u00fablica de Corea. <\/p>\n<p>La Sele est\u00e1 por debajo de selecciones como RD Congo y Australia. <\/p>\n<p>\u00a0 <\/p>\n","protected":false},"excerpt":{"rendered":"<p>El seleccionado nacional de f\u00fatbol de Panam\u00e1, se mantuvo en <a href=\"https:\/\/sertv.gob.pa\/nacionalfm\/panama-se-mantiene-de-52-en-ranking-fifa\/\"> [&#8230;]<\/a><\/p>\n","protected":false},"author":1,"featured_media":12481,"comment_status":"closed","ping_status":"closed","sticky":false,"template":"","format":"standard","meta":{"footnotes":""},"categories":[4],"tags":[],"class_list":["post-12480","post","type-post","status-publish","format-standard","has-post-thumbnail","hentry","category-deportes"],"_links":{"self":[{"href":"https:\/\/sertv.gob.pa\/nacionalfm\/wp-json\/wp\/v2\/posts\/12480","targetHints":{"allow":["GET"]}}],"collection":[{"href":"https:\/\/sertv.gob.pa\/nacionalfm\/wp-json\/wp\/v2\/posts"}],"about":[{"href":"https:\/\/sertv.gob.pa\/nacionalfm\/wp-json\/wp\/v2\/types\/post"}],"author":[{"embeddable":true,"href":"https:\/\/sertv.gob.pa\/nacionalfm\/wp-json\/wp\/v2\/users\/1"}],"replies":[{"embeddable":true,"href":"https:\/\/sertv.gob.pa\/nacionalfm\/wp-json\/wp\/v2\/comments?post=12480"}],"version-history":[{"count":0,"href":"https:\/\/sertv.gob.pa\/nacionalfm\/wp-json\/wp\/v2\/posts\/12480\/revisions"}],"wp:featuredmedia":[{"embeddable":true,"href":"https:\/\/sertv.gob.pa\/nacionalfm\/wp-json\/wp\/v2\/media\/12481"}],"wp:attachment":[{"href":"https:\/\/sertv.gob.pa\/nacionalfm\/wp-json\/wp\/v2\/media?parent=12480"}],"wp:term":[{"taxonomy":"category","embeddable":true,"href":"https:\/\/sertv.gob.pa\/nacionalfm\/wp-json\/wp\/v2\/categories?post=12480"},{"taxonomy":"post_tag","embeddable":true,"href":"https:\/\/sertv.gob.pa\/nacionalfm\/wp-json\/wp\/v2\/tags?post=12480"}],"curies":[{"name":"wp","href":"https:\/\/api.w.org\/{rel}","templated":true}]}}