{"id":12484,"date":"2016-05-05T15:54:19","date_gmt":"2016-05-05T15:54:19","guid":{"rendered":""},"modified":"2016-05-05T15:54:19","modified_gmt":"2016-05-05T15:54:19","slug":"casos-de-zika-en-panama-van-en-aumento","status":"publish","type":"post","link":"https:\/\/sertv.gob.pa\/nacionalfm\/casos-de-zika-en-panama-van-en-aumento\/","title":{"rendered":"Casos de Zika en Panam\u00e1 van en aumento"},"content":{"rendered":"<p>\nEn el pa\u00eds se tiene un registro de  264  casos de  virus zika , as\u00ed lo dio a conocer el titular de Salud, Francisco Javier Terrientes, en base al \u00faltimo informe enviado por el Instituto Conmemorativo Gorgas. \u00a0 <\/p>\n<p>El informe del Gorgas confirm\u00f3 16 casos adicionales a las \u00faltimas cifras manejadas por las autoridades sanitarias. \u00a0 <\/p>\n<p>Seg\u00fan el reporte, suman 14 las embarazadas con zika, cuatro casos por microcefalia y dos con malformaciones distintas a la microcefalia.\u00a0 <\/p>\n<p>Por otro lado, Terrientes agreg\u00f3 que van 9\u00a0casos de chikungunya y 440 de dengue.\u00a0 <\/p>\n<p>El mosquito  Aedes aegypti  es el que transmite estos tres virus. <\/p>\n<p>\u00abEl zika lleg\u00f3 para quedarse (&#8230;) van a venir m\u00e1s casos\u00bb, subray\u00f3 el funcionario, quien particip\u00f3 \u00a0en un operativo de limpieza y fumigaci\u00f3n contra el mosquito en el sector de Curund\u00fa. <\/p>\n<p>Sin embargo, el ministro dijo que los casos no deben multiplicarse de manera exagerada, por lo que llam\u00f3 la atenci\u00f3n de la poblaci\u00f3n para que elimine los criaderos del  Aedes aegypti . <\/p>\n<p>Terrientes agreg\u00f3 que el Minsa seguir\u00e1 multando a los &ldquo;irresponsables&rdquo; que contribuyan jugando con la salud del pueblo paname\u00f1o. <\/p>\n<p>\u00a0 <\/p>\n","protected":false},"excerpt":{"rendered":"<p>En el pa\u00eds se tiene un registro de 264 casos <a href=\"https:\/\/sertv.gob.pa\/nacionalfm\/casos-de-zika-en-panama-van-en-aumento\/\"> [&#8230;]<\/a><\/p>\n","protected":false},"author":1,"featured_media":12485,"comment_status":"closed","ping_status":"closed","sticky":false,"template":"","format":"standard","meta":{"footnotes":""},"categories":[5],"tags":[],"class_list":["post-12484","post","type-post","status-publish","format-standard","has-post-thumbnail","hentry","category-salud"],"_links":{"self":[{"href":"https:\/\/sertv.gob.pa\/nacionalfm\/wp-json\/wp\/v2\/posts\/12484","targetHints":{"allow":["GET"]}}],"collection":[{"href":"https:\/\/sertv.gob.pa\/nacionalfm\/wp-json\/wp\/v2\/posts"}],"about":[{"href":"https:\/\/sertv.gob.pa\/nacionalfm\/wp-json\/wp\/v2\/types\/post"}],"author":[{"embeddable":true,"href":"https:\/\/sertv.gob.pa\/nacionalfm\/wp-json\/wp\/v2\/users\/1"}],"replies":[{"embeddable":true,"href":"https:\/\/sertv.gob.pa\/nacionalfm\/wp-json\/wp\/v2\/comments?post=12484"}],"version-history":[{"count":0,"href":"https:\/\/sertv.gob.pa\/nacionalfm\/wp-json\/wp\/v2\/posts\/12484\/revisions"}],"wp:featuredmedia":[{"embeddable":true,"href":"https:\/\/sertv.gob.pa\/nacionalfm\/wp-json\/wp\/v2\/media\/12485"}],"wp:attachment":[{"href":"https:\/\/sertv.gob.pa\/nacionalfm\/wp-json\/wp\/v2\/media?parent=12484"}],"wp:term":[{"taxonomy":"category","embeddable":true,"href":"https:\/\/sertv.gob.pa\/nacionalfm\/wp-json\/wp\/v2\/categories?post=12484"},{"taxonomy":"post_tag","embeddable":true,"href":"https:\/\/sertv.gob.pa\/nacionalfm\/wp-json\/wp\/v2\/tags?post=12484"}],"curies":[{"name":"wp","href":"https:\/\/api.w.org\/{rel}","templated":true}]}}