{"id":12486,"date":"2016-05-05T16:02:34","date_gmt":"2016-05-05T16:02:34","guid":{"rendered":""},"modified":"2016-05-05T16:02:34","modified_gmt":"2016-05-05T16:02:34","slug":"panama-cierra-fogueo-de-futsal-con-empate","status":"publish","type":"post","link":"https:\/\/sertv.gob.pa\/nacionalfm\/panama-cierra-fogueo-de-futsal-con-empate\/","title":{"rendered":"Panam\u00e1 cierra fogueo de FUTSAL con empate"},"content":{"rendered":"<p>\nPanam\u00e1 empat\u00f3 a 4 goles ante el Club Borussia, para cerrar de esta manera con su \u00faltimo partido de fogueo, con miras al Campeonato Mundial de FUTSAL de CONCACAF 2016, que inicia este 8 de mayo en Costa Rica. <\/p>\n<p>Una vez son\u00f3 el silbato, la marca fuerte, los pases a primer toque y entrega de ambos conjuntos predomino de principio a fin en la Villa Ol\u00edmpica Desamparados. Fue Panam\u00e1 el que abri\u00f3 el marcador con Claudio Goodridge y qui\u00e9n fue la figura del compromiso al conseguir un triplete (Minuto 2&rsquo;, 19&rsquo; y 28&rsquo;). <\/p>\n<p>El otro gol paname\u00f1o lo hizo Ariel Castillo al 13&rsquo; y los locales anotaron a los 7&rsquo;, 11&rsquo;, 17\u00b4y 23&rsquo;. De esta manera el cuerpo t\u00e9cnico valor\u00f3 el nivel del rival e igual mostr\u00f3 satisfacci\u00f3n tras los resultados obtenidos previo al debut el domingo ante Guatemala. <\/p>\n<p>\u00a0 <\/p>\n","protected":false},"excerpt":{"rendered":"<p>Panam\u00e1 empat\u00f3 a 4 goles ante el Club Borussia, para <a href=\"https:\/\/sertv.gob.pa\/nacionalfm\/panama-cierra-fogueo-de-futsal-con-empate\/\"> [&#8230;]<\/a><\/p>\n","protected":false},"author":1,"featured_media":12487,"comment_status":"closed","ping_status":"closed","sticky":false,"template":"","format":"standard","meta":{"footnotes":""},"categories":[4],"tags":[],"class_list":["post-12486","post","type-post","status-publish","format-standard","has-post-thumbnail","hentry","category-deportes"],"_links":{"self":[{"href":"https:\/\/sertv.gob.pa\/nacionalfm\/wp-json\/wp\/v2\/posts\/12486","targetHints":{"allow":["GET"]}}],"collection":[{"href":"https:\/\/sertv.gob.pa\/nacionalfm\/wp-json\/wp\/v2\/posts"}],"about":[{"href":"https:\/\/sertv.gob.pa\/nacionalfm\/wp-json\/wp\/v2\/types\/post"}],"author":[{"embeddable":true,"href":"https:\/\/sertv.gob.pa\/nacionalfm\/wp-json\/wp\/v2\/users\/1"}],"replies":[{"embeddable":true,"href":"https:\/\/sertv.gob.pa\/nacionalfm\/wp-json\/wp\/v2\/comments?post=12486"}],"version-history":[{"count":0,"href":"https:\/\/sertv.gob.pa\/nacionalfm\/wp-json\/wp\/v2\/posts\/12486\/revisions"}],"wp:featuredmedia":[{"embeddable":true,"href":"https:\/\/sertv.gob.pa\/nacionalfm\/wp-json\/wp\/v2\/media\/12487"}],"wp:attachment":[{"href":"https:\/\/sertv.gob.pa\/nacionalfm\/wp-json\/wp\/v2\/media?parent=12486"}],"wp:term":[{"taxonomy":"category","embeddable":true,"href":"https:\/\/sertv.gob.pa\/nacionalfm\/wp-json\/wp\/v2\/categories?post=12486"},{"taxonomy":"post_tag","embeddable":true,"href":"https:\/\/sertv.gob.pa\/nacionalfm\/wp-json\/wp\/v2\/tags?post=12486"}],"curies":[{"name":"wp","href":"https:\/\/api.w.org\/{rel}","templated":true}]}}