{"id":1249,"date":"2014-08-26T05:00:00","date_gmt":"2014-08-26T05:00:00","guid":{"rendered":""},"modified":"2014-08-26T05:00:00","modified_gmt":"2014-08-26T05:00:00","slug":"en-san-miguelito-se-miden-niveles-de-infestacion-del-aedes-aegypti","status":"publish","type":"post","link":"https:\/\/sertv.gob.pa\/nacionalfm\/en-san-miguelito-se-miden-niveles-de-infestacion-del-aedes-aegypti\/","title":{"rendered":"En San Miguelito se miden niveles de infestaci\u00f3n del Aedes aegypti"},"content":{"rendered":"<p>\nUna encuesta entomol\u00f3gica para conocer el comportamiento y el \u00edndice de infestaci\u00f3n del mosquito Aedes aegypti, transmisor del dengue y el chikungunya, es llevado a cabo por la regi\u00f3n de Salud de San Miguelito. <\/p>\n<p>La encuesta se efect\u00faa vivienda por vivienda, con el prop\u00f3sito de determinar la presencia del mosquito transmisor de las enfermedades, optimizar el control del vector y focalizar las actividades de bloqueo. <\/p>\n<p>El jefe de Control de Vectores de la Regional de Salud de San Miguelito, Cecilio Polanco, revel\u00f3 que el sondeo eval\u00faa 20 sectores, que han sido divididos por corregimiento. <\/p>\n<p>Luego se elige al azar la comunidad para capturar las larvas en cada predio inspeccionado; este procedimiento permite obtener el \u00edndice de infestaci\u00f3n. <\/p>\n<p>Los resultados permitir\u00e1n a los funcionarios de control de vectores establecer prioridades de intervenci\u00f3n en los meses de septiembre, octubre y noviembre. @nacionalFm <\/p>\n","protected":false},"excerpt":{"rendered":"<p>Una encuesta entomol\u00f3gica para conocer el comportamiento y el \u00edndice <a href=\"https:\/\/sertv.gob.pa\/nacionalfm\/en-san-miguelito-se-miden-niveles-de-infestacion-del-aedes-aegypti\/\"> [&#8230;]<\/a><\/p>\n","protected":false},"author":1,"featured_media":1250,"comment_status":"closed","ping_status":"closed","sticky":false,"template":"","format":"standard","meta":{"footnotes":""},"categories":[5],"tags":[],"class_list":["post-1249","post","type-post","status-publish","format-standard","has-post-thumbnail","hentry","category-salud"],"_links":{"self":[{"href":"https:\/\/sertv.gob.pa\/nacionalfm\/wp-json\/wp\/v2\/posts\/1249","targetHints":{"allow":["GET"]}}],"collection":[{"href":"https:\/\/sertv.gob.pa\/nacionalfm\/wp-json\/wp\/v2\/posts"}],"about":[{"href":"https:\/\/sertv.gob.pa\/nacionalfm\/wp-json\/wp\/v2\/types\/post"}],"author":[{"embeddable":true,"href":"https:\/\/sertv.gob.pa\/nacionalfm\/wp-json\/wp\/v2\/users\/1"}],"replies":[{"embeddable":true,"href":"https:\/\/sertv.gob.pa\/nacionalfm\/wp-json\/wp\/v2\/comments?post=1249"}],"version-history":[{"count":0,"href":"https:\/\/sertv.gob.pa\/nacionalfm\/wp-json\/wp\/v2\/posts\/1249\/revisions"}],"wp:featuredmedia":[{"embeddable":true,"href":"https:\/\/sertv.gob.pa\/nacionalfm\/wp-json\/wp\/v2\/media\/1250"}],"wp:attachment":[{"href":"https:\/\/sertv.gob.pa\/nacionalfm\/wp-json\/wp\/v2\/media?parent=1249"}],"wp:term":[{"taxonomy":"category","embeddable":true,"href":"https:\/\/sertv.gob.pa\/nacionalfm\/wp-json\/wp\/v2\/categories?post=1249"},{"taxonomy":"post_tag","embeddable":true,"href":"https:\/\/sertv.gob.pa\/nacionalfm\/wp-json\/wp\/v2\/tags?post=1249"}],"curies":[{"name":"wp","href":"https:\/\/api.w.org\/{rel}","templated":true}]}}