{"id":12490,"date":"2016-05-05T16:16:38","date_gmt":"2016-05-05T16:16:38","guid":{"rendered":""},"modified":"2016-05-05T16:16:38","modified_gmt":"2016-05-05T16:16:38","slug":"campana-contra-el-cancer-de-piel-es-lanzada-por-fundacancer","status":"publish","type":"post","link":"https:\/\/sertv.gob.pa\/nacionalfm\/campana-contra-el-cancer-de-piel-es-lanzada-por-fundacancer\/","title":{"rendered":"Campa\u00f1a contra el c\u00e1ncer de piel es lanzada por FundaC\u00e1ncer"},"content":{"rendered":"<p>\nLa d\u00e9cimo quinta campa\u00f1a de prevenci\u00f3n y detecci\u00f3n del c\u00e1ncer de piel y melanoma comenz\u00f3 el \u00a0martes, 3 de mayo, inform\u00f3 la Fundaci\u00f3n Nacional contra el C\u00e1ncer (FundaC\u00e1ncer). <\/p>\n<p>Todos los martes de mayo, mes de prevenci\u00f3n y detecci\u00f3n del c\u00e1ncer de piel, se ofrecer\u00e1 una revisi\u00f3n gratuita de la piel a todas las personas que acudan desde las 6:30 a.m., al Instituto Oncol\u00f3gico Nacional (ION). <\/p>\n<p>En el primer d\u00eda de la campa\u00f1a organizada por FundaC\u00e1ncer, el ION y la Asociaci\u00f3n Paname\u00f1a de Dermatolog\u00eda, los asistentes tuvieron la oportunidad de atenderse con un equipo de dermat\u00f3logos que se encargaron de evaluar factores de riesgo, lunares y lesiones sospechosas con el prop\u00f3sito de detectar prematuramente posibles casos de c\u00e1ncer de piel. <\/p>\n<p>Adem\u00e1s, se comparti\u00f3 una breve charla sobre la importancia de adoptar comportamientos responsables en cuanto a la exposici\u00f3n al sol, como principal causa de esta enfermedad. <\/p>\n<p>A nivel mundial, mayo es el mes del C\u00e1ncer de Piel y con esta campa\u00f1a se desea crear consciencia en la poblaci\u00f3n sobre la importancia de realizarse el auto-examen cuidadoso y regular, combinado con visitas al dermat\u00f3logo, para descubrir a tiempo los cambios de tama\u00f1o, color y forma de los lunares, antes que se desarrollen en un c\u00e1ncer de piel. <\/p>\n<p>\u00a0 <\/p>\n","protected":false},"excerpt":{"rendered":"<p>La d\u00e9cimo quinta campa\u00f1a de prevenci\u00f3n y detecci\u00f3n del c\u00e1ncer <a href=\"https:\/\/sertv.gob.pa\/nacionalfm\/campana-contra-el-cancer-de-piel-es-lanzada-por-fundacancer\/\"> [&#8230;]<\/a><\/p>\n","protected":false},"author":1,"featured_media":12491,"comment_status":"closed","ping_status":"closed","sticky":false,"template":"","format":"standard","meta":{"footnotes":""},"categories":[5],"tags":[],"class_list":["post-12490","post","type-post","status-publish","format-standard","has-post-thumbnail","hentry","category-salud"],"_links":{"self":[{"href":"https:\/\/sertv.gob.pa\/nacionalfm\/wp-json\/wp\/v2\/posts\/12490","targetHints":{"allow":["GET"]}}],"collection":[{"href":"https:\/\/sertv.gob.pa\/nacionalfm\/wp-json\/wp\/v2\/posts"}],"about":[{"href":"https:\/\/sertv.gob.pa\/nacionalfm\/wp-json\/wp\/v2\/types\/post"}],"author":[{"embeddable":true,"href":"https:\/\/sertv.gob.pa\/nacionalfm\/wp-json\/wp\/v2\/users\/1"}],"replies":[{"embeddable":true,"href":"https:\/\/sertv.gob.pa\/nacionalfm\/wp-json\/wp\/v2\/comments?post=12490"}],"version-history":[{"count":0,"href":"https:\/\/sertv.gob.pa\/nacionalfm\/wp-json\/wp\/v2\/posts\/12490\/revisions"}],"wp:featuredmedia":[{"embeddable":true,"href":"https:\/\/sertv.gob.pa\/nacionalfm\/wp-json\/wp\/v2\/media\/12491"}],"wp:attachment":[{"href":"https:\/\/sertv.gob.pa\/nacionalfm\/wp-json\/wp\/v2\/media?parent=12490"}],"wp:term":[{"taxonomy":"category","embeddable":true,"href":"https:\/\/sertv.gob.pa\/nacionalfm\/wp-json\/wp\/v2\/categories?post=12490"},{"taxonomy":"post_tag","embeddable":true,"href":"https:\/\/sertv.gob.pa\/nacionalfm\/wp-json\/wp\/v2\/tags?post=12490"}],"curies":[{"name":"wp","href":"https:\/\/api.w.org\/{rel}","templated":true}]}}